{"id":20010,"date":"2026-01-29T08:26:45","date_gmt":"2026-01-29T11:26:45","guid":{"rendered":"https:\/\/www.correiodascidades.com.br\/v1\/?p=20010"},"modified":"2026-01-29T08:26:45","modified_gmt":"2026-01-29T11:26:45","slug":"residencia-usada-como-bunker-do-trafico-e-desarticulada-em-feira-de-santana","status":"publish","type":"post","link":"https:\/\/www.correiodascidades.com.br\/v1\/2026\/01\/29\/residencia-usada-como-bunker-do-trafico-e-desarticulada-em-feira-de-santana\/","title":{"rendered":"Resid\u00eancia usada como bunker do tr\u00e1fico \u00e9 desarticulada em Feira de Santana"},"content":{"rendered":"<div id=\"block-bagov-base-titulodapagina\" class=\"block block-core block-page-title-block\">\n<h1>\u00a0 \u00a0 \u00a0 \u00a0 \u00a0 \u00a0 \u00a0 \u00a0 \u00a0 \u00a0 \u00a0 \u00a0 \u00a0 <img src=\"https:\/\/www.correiodascidades.com.br\/v1\/wp-content\/uploads\/2026\/01\/WhatsApp-Image-2026-01-28-at-18.57.46-_1__0.jpeg-1.jpeg\" \/><\/h1>\n<h1 class=\"field--name-title\"><span style=\"font-size: 16px;\">Uma opera\u00e7\u00e3o policial realizada na manh\u00e3 desta quarta-feira (28), no bairro Santa M\u00f4nica II, em Feira de Santana, resultou na apreens\u00e3o de aproximadamente 20 quilos de coca\u00edna, armamento e outros materiais utilizados no tr\u00e1fico de drogas. A a\u00e7\u00e3o foi conduzida por equipes da Coordena\u00e7\u00e3o do Departamento de Homic\u00eddios e Prote\u00e7\u00e3o \u00e0 Pessoa (DHPP), em atua\u00e7\u00e3o integrada com o Departamento Especializado de Investiga\u00e7\u00f5es Criminais (DEIC).\u00a0\u00a0<\/span><\/h1>\n<\/div>\n<p><!--more--><\/p>\n<article class=\"node node--type-noticia node--view-mode-full\" data-history-node-id=\"23807\">\n<div class=\"node__content\">\n<div class=\"clearfix text-formatted field field--name-body field--type-text-with-summary field--label-hidden field__item\">\n<p>Durante as dilig\u00eancias, os policiais visualizaram dois homens em uma motocicleta, sendo que um deles portava uma arma de fogo longa. Ao perceberem a aproxima\u00e7\u00e3o das equipes, os suspeitos fugiram. Em seguida, outros integrantes do grupo criminoso surgiram no local e efetuaram disparos contra os policiais, que revidaram. Durante o confronto, os suspeitos conseguiram escapar, sendo que parte do grupo entrou em uma resid\u00eancia e fugiu pelos fundos do im\u00f3vel.<\/p>\n<p>No local, os policiais constataram que a resid\u00eancia era utilizada como um ponto estrat\u00e9gico de armazenamento, funcionando como um bunker do grupo criminoso. No interior do im\u00f3vel foram apreendidos cerca de 20 quilos de coca\u00edna, distribu\u00eddos em 20 tabletes, al\u00e9m de por\u00e7\u00f5es de maconha e crack, balan\u00e7as de precis\u00e3o, embalagens para acondicionamento de drogas, r\u00e1dios comunicadores, c\u00e2meras de monitoramento, aparelhos celulares, roupas e equipamentos de uso t\u00e1tico. Tamb\u00e9m foram encontrados uma pistola calibre .45, carregadores e muni\u00e7\u00f5es.<\/p>\n<p>Todo o material apreendido foi encaminhado \u00e0 sede do DHPP, onde ser\u00e1 submetido \u00e0 per\u00edcia. As investiga\u00e7\u00f5es seguem em andamento para identificar e responsabilizar os integrantes do grupo criminoso, bem como desarticular a estrutura utilizada para o tr\u00e1fico de drogas e para o enfrentamento armado \u00e0s for\u00e7as de seguran\u00e7a.<\/p>\n<\/div>\n<div class=\"field field--name-field-fonte-noticia field--type-string field--label-above\">\n<div class=\"field__label\">Fonte<\/div>\n<\/div>\n<\/div>\n<\/article>\n","protected":false},"excerpt":{"rendered":"<p>\u00a0 \u00a0 \u00a0 \u00a0 \u00a0 \u00a0 \u00a0 \u00a0 \u00a0 \u00a0 \u00a0 \u00a0 \u00a0 Uma opera\u00e7\u00e3o policial realizada na manh\u00e3 desta quarta-feira (28), no bairro Santa M\u00f4nica II, em Feira de Santana, resultou na apreens\u00e3o de aproximadamente 20 quilos de coca\u00edna, armamento e outros materiais utilizados no tr\u00e1fico de drogas. A a\u00e7\u00e3o foi conduzida por equipes [&hellip;]<\/p>\n","protected":false},"author":3,"featured_media":20011,"comment_status":"closed","ping_status":"closed","sticky":false,"template":"","format":"standard","meta":{"_links_to":"","_links_to_target":""},"categories":[1],"tags":[],"_links":{"self":[{"href":"https:\/\/www.correiodascidades.com.br\/v1\/wp-json\/wp\/v2\/posts\/20010"}],"collection":[{"href":"https:\/\/www.correiodascidades.com.br\/v1\/wp-json\/wp\/v2\/posts"}],"about":[{"href":"https:\/\/www.correiodascidades.com.br\/v1\/wp-json\/wp\/v2\/types\/post"}],"author":[{"embeddable":true,"href":"https:\/\/www.correiodascidades.com.br\/v1\/wp-json\/wp\/v2\/users\/3"}],"replies":[{"embeddable":true,"href":"https:\/\/www.correiodascidades.com.br\/v1\/wp-json\/wp\/v2\/comments?post=20010"}],"version-history":[{"count":1,"href":"https:\/\/www.correiodascidades.com.br\/v1\/wp-json\/wp\/v2\/posts\/20010\/revisions"}],"predecessor-version":[{"id":20012,"href":"https:\/\/www.correiodascidades.com.br\/v1\/wp-json\/wp\/v2\/posts\/20010\/revisions\/20012"}],"wp:featuredmedia":[{"embeddable":true,"href":"https:\/\/www.correiodascidades.com.br\/v1\/wp-json\/wp\/v2\/media\/20011"}],"wp:attachment":[{"href":"https:\/\/www.correiodascidades.com.br\/v1\/wp-json\/wp\/v2\/media?parent=20010"}],"wp:term":[{"taxonomy":"category","embeddable":true,"href":"https:\/\/www.correiodascidades.com.br\/v1\/wp-json\/wp\/v2\/categories?post=20010"},{"taxonomy":"post_tag","embeddable":true,"href":"https:\/\/www.correiodascidades.com.br\/v1\/wp-json\/wp\/v2\/tags?post=20010"}],"curies":[{"name":"wp","href":"https:\/\/api.w.org\/{rel}","templated":true}]}}