{"id":20223,"date":"2026-02-13T10:39:38","date_gmt":"2026-02-13T13:39:38","guid":{"rendered":"https:\/\/www.correiodascidades.com.br\/v1\/?p=20223"},"modified":"2026-02-13T10:39:38","modified_gmt":"2026-02-13T13:39:38","slug":"homem-e-preso-em-flagrante-por-descumprimento-de-medidas-protetivas-em-vera-cruz","status":"publish","type":"post","link":"https:\/\/www.correiodascidades.com.br\/v1\/2026\/02\/13\/homem-e-preso-em-flagrante-por-descumprimento-de-medidas-protetivas-em-vera-cruz\/","title":{"rendered":"Homem \u00e9 preso em flagrante por descumprimento de medidas protetivas em Vera Cruz"},"content":{"rendered":"<p><img loading=\"lazy\" class=\"\" src=\"https:\/\/www.correiodascidades.com.br\/v1\/wp-content\/uploads\/2026\/02\/WhatsApp-Image-2026-02-12-at-21.31.29_0-polcia.jpeg\" width=\"493\" height=\"370\" \/><\/p>\n<p>Um homem de 48 anos foi preso em flagrante, nesta quinta-feira (12), pelo crime de descumprimento de medida protetiva de urg\u00eancia, no contexto de viol\u00eancia dom\u00e9stica, em desfavor da ex-companheira, uma idosa de 63 anos, em Porto Seguro. A a\u00e7\u00e3o foi realizada pela Pol\u00edcia Civil da Bahia, por meio da Delegacia Especializada de Atendimento \u00e0 Mulher (DEAM\/Porto Seguro). <!--more--><\/p>\n<p>O crime ocorreu no bairro Sapoti, onde o investigado, mesmo ciente da decis\u00e3o judicial que determinava seu afastamento, permanecia na resid\u00eancia da v\u00edtima. A medida protetiva foi concedida ap\u00f3s registros de les\u00f5es corporais e agress\u00f5es verbais motivadas por ci\u00fames e pela n\u00e3o aceita\u00e7\u00e3o do fim do relacionamento. O homem foi conduzido \u00e0 DEAM, passou pelos exames legais e permanece custodiado \u00e0 disposi\u00e7\u00e3o do Poder Judici\u00e1rio.<\/p>\n<p>&nbsp;<\/p>\n","protected":false},"excerpt":{"rendered":"<p>Um homem de 48 anos foi preso em flagrante, nesta quinta-feira (12), pelo crime de descumprimento de medida protetiva de urg\u00eancia, no contexto de viol\u00eancia dom\u00e9stica, em desfavor da ex-companheira, uma idosa de 63 anos, em Porto Seguro. A a\u00e7\u00e3o foi realizada pela Pol\u00edcia Civil da Bahia, por meio da Delegacia Especializada de Atendimento \u00e0 [&hellip;]<\/p>\n","protected":false},"author":3,"featured_media":0,"comment_status":"closed","ping_status":"closed","sticky":false,"template":"","format":"standard","meta":{"_links_to":"","_links_to_target":""},"categories":[1],"tags":[],"_links":{"self":[{"href":"https:\/\/www.correiodascidades.com.br\/v1\/wp-json\/wp\/v2\/posts\/20223"}],"collection":[{"href":"https:\/\/www.correiodascidades.com.br\/v1\/wp-json\/wp\/v2\/posts"}],"about":[{"href":"https:\/\/www.correiodascidades.com.br\/v1\/wp-json\/wp\/v2\/types\/post"}],"author":[{"embeddable":true,"href":"https:\/\/www.correiodascidades.com.br\/v1\/wp-json\/wp\/v2\/users\/3"}],"replies":[{"embeddable":true,"href":"https:\/\/www.correiodascidades.com.br\/v1\/wp-json\/wp\/v2\/comments?post=20223"}],"version-history":[{"count":1,"href":"https:\/\/www.correiodascidades.com.br\/v1\/wp-json\/wp\/v2\/posts\/20223\/revisions"}],"predecessor-version":[{"id":20225,"href":"https:\/\/www.correiodascidades.com.br\/v1\/wp-json\/wp\/v2\/posts\/20223\/revisions\/20225"}],"wp:attachment":[{"href":"https:\/\/www.correiodascidades.com.br\/v1\/wp-json\/wp\/v2\/media?parent=20223"}],"wp:term":[{"taxonomy":"category","embeddable":true,"href":"https:\/\/www.correiodascidades.com.br\/v1\/wp-json\/wp\/v2\/categories?post=20223"},{"taxonomy":"post_tag","embeddable":true,"href":"https:\/\/www.correiodascidades.com.br\/v1\/wp-json\/wp\/v2\/tags?post=20223"}],"curies":[{"name":"wp","href":"https:\/\/api.w.org\/{rel}","templated":true}]}}