{"id":2023,"date":"2022-12-15T11:39:08","date_gmt":"2022-12-15T14:39:08","guid":{"rendered":"https:\/\/www.correiodascidades.com.br\/v1\/?p=2023"},"modified":"2022-12-15T11:39:08","modified_gmt":"2022-12-15T14:39:08","slug":"homem-morre-apos-ser-baleado-ao-reagir-a-assalto-na-regiao-do-farol-de-itapua-em-salvador","status":"publish","type":"post","link":"https:\/\/www.correiodascidades.com.br\/v1\/2022\/12\/15\/homem-morre-apos-ser-baleado-ao-reagir-a-assalto-na-regiao-do-farol-de-itapua-em-salvador\/","title":{"rendered":"Homem morre ap\u00f3s ser baleado ao reagir a assalto na regi\u00e3o do Farol de Itapu\u00e3, em Salvador"},"content":{"rendered":"<p><img loading=\"lazy\" class=\"\" src=\"https:\/\/www.correiodascidades.com.br\/v1\/wp-content\/uploads\/2022\/12\/IMAGEM_NOTICIA_5-5-carro.jpg\" width=\"607\" height=\"387\" \/><\/p>\n<p>Um homem morreu ap\u00f3s ser baleado durante um assalto na manh\u00e3 desta quinta-feira (15), na regi\u00e3o do Farol de Itapu\u00e3, em Salvador. O crime ocorreu por volta das 6h15 e foi registrado por c\u00e2meras de seguran\u00e7a no local.<!--more--><\/p>\n<p>A v\u00edtima, identificada como Vitor Ferreira Abud, morava no bairro de Matatu de Brotas.Ele chegou de carro no local e parou em uma rotat\u00f3ria. Na sequ\u00eancia, ele desceu do carro e parou pr\u00f3ximo a um muro.<\/p>\n<p>Vitor ent\u00e3o foi abordado por um homem armado, que anunciou o assalto. A v\u00edtima reagiu e entrou em luta corporal com o suspeito, que disparou contra ele. O tiro atingiu o peito de Vitor, que caiu no ch\u00e3o.<\/p>\n<p>O suspeito chegou a correr, mas voltou para pegar pertences dentro do carro da v\u00edtima e deixou o local na sequ\u00eancia. A Pol\u00edcia Militar informou que a carteira de Vitor foi levada. Equipes da Pol\u00edcia Civil foi at\u00e9 ao local para fazer a per\u00edcia.<\/p>\n","protected":false},"excerpt":{"rendered":"<p>Um homem morreu ap\u00f3s ser baleado durante um assalto na manh\u00e3 desta quinta-feira (15), na regi\u00e3o do Farol de Itapu\u00e3, em Salvador. O crime ocorreu por volta das 6h15 e foi registrado por c\u00e2meras de seguran\u00e7a no local.<\/p>\n","protected":false},"author":3,"featured_media":2025,"comment_status":"closed","ping_status":"closed","sticky":false,"template":"","format":"standard","meta":{"_links_to":"","_links_to_target":""},"categories":[1],"tags":[],"_links":{"self":[{"href":"https:\/\/www.correiodascidades.com.br\/v1\/wp-json\/wp\/v2\/posts\/2023"}],"collection":[{"href":"https:\/\/www.correiodascidades.com.br\/v1\/wp-json\/wp\/v2\/posts"}],"about":[{"href":"https:\/\/www.correiodascidades.com.br\/v1\/wp-json\/wp\/v2\/types\/post"}],"author":[{"embeddable":true,"href":"https:\/\/www.correiodascidades.com.br\/v1\/wp-json\/wp\/v2\/users\/3"}],"replies":[{"embeddable":true,"href":"https:\/\/www.correiodascidades.com.br\/v1\/wp-json\/wp\/v2\/comments?post=2023"}],"version-history":[{"count":1,"href":"https:\/\/www.correiodascidades.com.br\/v1\/wp-json\/wp\/v2\/posts\/2023\/revisions"}],"predecessor-version":[{"id":2026,"href":"https:\/\/www.correiodascidades.com.br\/v1\/wp-json\/wp\/v2\/posts\/2023\/revisions\/2026"}],"wp:featuredmedia":[{"embeddable":true,"href":"https:\/\/www.correiodascidades.com.br\/v1\/wp-json\/wp\/v2\/media\/2025"}],"wp:attachment":[{"href":"https:\/\/www.correiodascidades.com.br\/v1\/wp-json\/wp\/v2\/media?parent=2023"}],"wp:term":[{"taxonomy":"category","embeddable":true,"href":"https:\/\/www.correiodascidades.com.br\/v1\/wp-json\/wp\/v2\/categories?post=2023"},{"taxonomy":"post_tag","embeddable":true,"href":"https:\/\/www.correiodascidades.com.br\/v1\/wp-json\/wp\/v2\/tags?post=2023"}],"curies":[{"name":"wp","href":"https:\/\/api.w.org\/{rel}","templated":true}]}}