{"id":2027,"date":"2022-12-15T11:42:22","date_gmt":"2022-12-15T14:42:22","guid":{"rendered":"https:\/\/www.correiodascidades.com.br\/v1\/?p=2027"},"modified":"2022-12-15T11:42:22","modified_gmt":"2022-12-15T14:42:22","slug":"ciclista-sofre-grave-acidente-na-ba-001-zona-sul-de-ilheus","status":"publish","type":"post","link":"https:\/\/www.correiodascidades.com.br\/v1\/2022\/12\/15\/ciclista-sofre-grave-acidente-na-ba-001-zona-sul-de-ilheus\/","title":{"rendered":"Ciclista sofre grave acidente na BA-001, zona sul de Ilh\u00e9us"},"content":{"rendered":"<p><img loading=\"lazy\" class=\"\" src=\"https:\/\/www.correiodascidades.com.br\/v1\/wp-content\/uploads\/2022\/12\/IMG-20221214-WA0349-1.jpg\" width=\"603\" height=\"804\" \/><\/p>\n<p>Por volta das 20h40 de quarta-feira (14) o ciclista Jailson Concei\u00e7ao de Souza, 43 anos, foi v\u00edtima de um grave acidente na BA-001, zona sul de Ilh\u00e9us. <!--more--><\/p>\n<p>O ciclista ao tentar atravessar sentido lado da praia, acabou sendo atropelado por um carro, de cor branca, com a placa final 0638. A identidade do motorista do carro n\u00e3o foi revelada. Devido o local ser muito escuro, contribuiu, possivelmente, para o registro do acidente.<\/p>\n<p>No impacto, a bicicleta ficou completamente destru\u00edda, enquanto Jailson Concei\u00e7\u00e3o sofreu traumatismo craniano, al\u00e9m de fratura exposta na perna esquerda, ferimentos na face e acima do olho esquerdo. Consciente, a v\u00edtima foi socorrida em uma ambul\u00e2ncia avan\u00e7ada do SAMU, e encaminhada para o centro cir\u00fargico do Hospital Costa do Cacau.<\/p>\n","protected":false},"excerpt":{"rendered":"<p>Por volta das 20h40 de quarta-feira (14) o ciclista Jailson Concei\u00e7ao de Souza, 43 anos, foi v\u00edtima de um grave acidente na BA-001, zona sul de Ilh\u00e9us.<\/p>\n","protected":false},"author":3,"featured_media":2028,"comment_status":"closed","ping_status":"closed","sticky":false,"template":"","format":"standard","meta":{"_links_to":"","_links_to_target":""},"categories":[1],"tags":[],"_links":{"self":[{"href":"https:\/\/www.correiodascidades.com.br\/v1\/wp-json\/wp\/v2\/posts\/2027"}],"collection":[{"href":"https:\/\/www.correiodascidades.com.br\/v1\/wp-json\/wp\/v2\/posts"}],"about":[{"href":"https:\/\/www.correiodascidades.com.br\/v1\/wp-json\/wp\/v2\/types\/post"}],"author":[{"embeddable":true,"href":"https:\/\/www.correiodascidades.com.br\/v1\/wp-json\/wp\/v2\/users\/3"}],"replies":[{"embeddable":true,"href":"https:\/\/www.correiodascidades.com.br\/v1\/wp-json\/wp\/v2\/comments?post=2027"}],"version-history":[{"count":1,"href":"https:\/\/www.correiodascidades.com.br\/v1\/wp-json\/wp\/v2\/posts\/2027\/revisions"}],"predecessor-version":[{"id":2029,"href":"https:\/\/www.correiodascidades.com.br\/v1\/wp-json\/wp\/v2\/posts\/2027\/revisions\/2029"}],"wp:featuredmedia":[{"embeddable":true,"href":"https:\/\/www.correiodascidades.com.br\/v1\/wp-json\/wp\/v2\/media\/2028"}],"wp:attachment":[{"href":"https:\/\/www.correiodascidades.com.br\/v1\/wp-json\/wp\/v2\/media?parent=2027"}],"wp:term":[{"taxonomy":"category","embeddable":true,"href":"https:\/\/www.correiodascidades.com.br\/v1\/wp-json\/wp\/v2\/categories?post=2027"},{"taxonomy":"post_tag","embeddable":true,"href":"https:\/\/www.correiodascidades.com.br\/v1\/wp-json\/wp\/v2\/tags?post=2027"}],"curies":[{"name":"wp","href":"https:\/\/api.w.org\/{rel}","templated":true}]}}