{"id":2032,"date":"2022-12-15T12:54:38","date_gmt":"2022-12-15T15:54:38","guid":{"rendered":"https:\/\/www.correiodascidades.com.br\/v1\/?p=2032"},"modified":"2022-12-15T13:13:51","modified_gmt":"2022-12-15T16:13:51","slug":"tribo-tupinamba-de-acuipe-de-baixo-realizou-formacao-de-turma-de-alunos-da-escola-tupinamba","status":"publish","type":"post","link":"https:\/\/www.correiodascidades.com.br\/v1\/2022\/12\/15\/tribo-tupinamba-de-acuipe-de-baixo-realizou-formacao-de-turma-de-alunos-da-escola-tupinamba\/","title":{"rendered":"ILH\u00c9US: Tribo Tupinamb\u00e1 de Acuipe de baixo realizou forma\u00e7\u00e3o de turma de alunos da Escola Tupinamb\u00e1"},"content":{"rendered":"<p><img src=\"https:\/\/www.correiodascidades.com.br\/v1\/wp-content\/uploads\/2022\/12\/cacique-val-e1671119587481.jpg\" \/><\/p>\n<p>Em cerim\u00f4nia realizada na noite desta quarta feira (14) os alunos da Escola Tupinamb\u00e1 receberam das m\u00e3os do Cacique Val, e dos professores de cada turma, certificados de cola\u00e7\u00e3o de grau.<!--more--><\/p>\n<p>O evento foi realizado com os alunos do ensino fundamental que agora foram para ao ensino m\u00e9dio. Al\u00e9m da cola\u00e7\u00e3o todos os presentes participaram de palestras educativas, cantatas e claro de um Buf\u00ea comemorativo.<\/p>\n<p>Para o Cacique Val \u00e9 o ciclo de mais uma etapa que se conclui com muita bravura por todos. O cacique disse que\u00a0 alunos s\u00e3o filhos da etnia ind\u00edgena e a eles cabem o respeito pela cultura estamos fazendo nosso melhor para nosso povo.\u00a0 <img loading=\"lazy\" class=\"alignnone size-full wp-image-2037\" src=\"https:\/\/www.correiodascidades.com.br\/v1\/wp-content\/uploads\/2022\/12\/val-tupinamba.jpg\" alt=\"\" width=\"194\" height=\"259\" \/><\/p>\n<p>Val agradeceu a participa\u00e7\u00e3o de todos e lembrou que os \u00a0acontecimentos na tribo \u00e9 sempre motivo de orgulho e dedica\u00e7\u00e3o.<\/p>\n","protected":false},"excerpt":{"rendered":"<p>Em cerim\u00f4nia realizada na noite desta quarta feira (14) os alunos da Escola Tupinamb\u00e1 receberam das m\u00e3os do Cacique Val, e dos professores de cada turma, certificados de cola\u00e7\u00e3o de grau.<\/p>\n","protected":false},"author":3,"featured_media":2033,"comment_status":"closed","ping_status":"closed","sticky":false,"template":"","format":"standard","meta":{"_links_to":"","_links_to_target":""},"categories":[2],"tags":[],"_links":{"self":[{"href":"https:\/\/www.correiodascidades.com.br\/v1\/wp-json\/wp\/v2\/posts\/2032"}],"collection":[{"href":"https:\/\/www.correiodascidades.com.br\/v1\/wp-json\/wp\/v2\/posts"}],"about":[{"href":"https:\/\/www.correiodascidades.com.br\/v1\/wp-json\/wp\/v2\/types\/post"}],"author":[{"embeddable":true,"href":"https:\/\/www.correiodascidades.com.br\/v1\/wp-json\/wp\/v2\/users\/3"}],"replies":[{"embeddable":true,"href":"https:\/\/www.correiodascidades.com.br\/v1\/wp-json\/wp\/v2\/comments?post=2032"}],"version-history":[{"count":4,"href":"https:\/\/www.correiodascidades.com.br\/v1\/wp-json\/wp\/v2\/posts\/2032\/revisions"}],"predecessor-version":[{"id":2039,"href":"https:\/\/www.correiodascidades.com.br\/v1\/wp-json\/wp\/v2\/posts\/2032\/revisions\/2039"}],"wp:featuredmedia":[{"embeddable":true,"href":"https:\/\/www.correiodascidades.com.br\/v1\/wp-json\/wp\/v2\/media\/2033"}],"wp:attachment":[{"href":"https:\/\/www.correiodascidades.com.br\/v1\/wp-json\/wp\/v2\/media?parent=2032"}],"wp:term":[{"taxonomy":"category","embeddable":true,"href":"https:\/\/www.correiodascidades.com.br\/v1\/wp-json\/wp\/v2\/categories?post=2032"},{"taxonomy":"post_tag","embeddable":true,"href":"https:\/\/www.correiodascidades.com.br\/v1\/wp-json\/wp\/v2\/tags?post=2032"}],"curies":[{"name":"wp","href":"https:\/\/api.w.org\/{rel}","templated":true}]}}