{"id":20401,"date":"2026-02-24T17:46:47","date_gmt":"2026-02-24T20:46:47","guid":{"rendered":"https:\/\/www.correiodascidades.com.br\/v1\/?p=20401"},"modified":"2026-02-24T17:46:47","modified_gmt":"2026-02-24T20:46:47","slug":"governo-suspende-importacoes-de-cacau-da-costa-do-marfim","status":"publish","type":"post","link":"https:\/\/www.correiodascidades.com.br\/v1\/2026\/02\/24\/governo-suspende-importacoes-de-cacau-da-costa-do-marfim\/","title":{"rendered":"Governo suspende importa\u00e7\u00f5es de cacau da Costa do Marfim"},"content":{"rendered":"<p><img loading=\"lazy\" class=\"\" src=\"https:\/\/www.correiodascidades.com.br\/v1\/wp-content\/uploads\/2026\/02\/humbertomiranda-faebsenar2-768x471-1.jpg\" width=\"651\" height=\"399\" \/><\/p>\n<p><em><span class=\"dropcap shadow\">O <\/span><\/em>Minist\u00e9rio da Agricultura e Pecu\u00e1ria suspendeu, por prazo indeterminado, as importa\u00e7\u00f5es de cacau provenientes da Costa do Marfim para o Brasil. A medida, publicada no Di\u00e1rio Oficial da Uni\u00e3o desta ter\u00e7a-feira (24), \u00e9 baseada em uma nova an\u00e1lise de risco fitossanit\u00e1rio realizada pela miss\u00e3o t\u00e9cnica brasileira no pa\u00eds africano, entre os dias 1 e 14 de fevereiro, cujo relat\u00f3rio deve ser divulgado at\u00e9 o final desta semana.<\/p>\n<p>O tema vem sendo acompanhado com rigor e aten\u00e7\u00e3o pela Faeb e pela Confedera\u00e7\u00e3o da Agricultura e Pecu\u00e1ria do Brasil (CNA), que participaram de reuni\u00e3o t\u00e9cnica com o Minist\u00e9rio da Agricultura, em novembro, quando foram apresentadas preocupa\u00e7\u00f5es relacionadas \u00e0 sanidade vegetal e solicitada a revis\u00e3o da An\u00e1lise de Risco de Pragas (ARP). <!--more--><\/p>\n<p>De acordo com o presidente do Sistema Faeb\/Senar, Humberto Miranda, a decis\u00e3o decorre de um processo t\u00e9cnico conduzido pelas autoridades sanit\u00e1rias brasileiras.<\/p>\n<blockquote>\n<h4>\u201cO envio da miss\u00e3o e a publica\u00e7\u00e3o da medida refletem o funcionamento dos protocolos de defesa agropecu\u00e1ria, que t\u00eam como base crit\u00e9rios t\u00e9cnicos e cient\u00edficos. Trata-se de um procedimento previsto para avaliar riscos e subsidiar as decis\u00f5es relacionadas ao com\u00e9rcio internacional de produtos agr\u00edcolas\u201d, afirmou.<\/h4>\n<\/blockquote>\n<p>Segundo ele, a Faeb tamb\u00e9m segue atuando em duas frentes: a revis\u00e3o do drawback na importa\u00e7\u00e3o e a um estudo sobre a forma\u00e7\u00e3o do pre\u00e7o interno do cacau e uma eventual carteiriza\u00e7\u00e3o no setor.<\/p>\n","protected":false},"excerpt":{"rendered":"<p>O Minist\u00e9rio da Agricultura e Pecu\u00e1ria suspendeu, por prazo indeterminado, as importa\u00e7\u00f5es de cacau provenientes da Costa do Marfim para o Brasil. A medida, publicada no Di\u00e1rio Oficial da Uni\u00e3o desta ter\u00e7a-feira (24), \u00e9 baseada em uma nova an\u00e1lise de risco fitossanit\u00e1rio realizada pela miss\u00e3o t\u00e9cnica brasileira no pa\u00eds africano, entre os dias 1 e [&hellip;]<\/p>\n","protected":false},"author":3,"featured_media":20402,"comment_status":"closed","ping_status":"closed","sticky":false,"template":"","format":"standard","meta":{"_links_to":"","_links_to_target":""},"categories":[1],"tags":[],"_links":{"self":[{"href":"https:\/\/www.correiodascidades.com.br\/v1\/wp-json\/wp\/v2\/posts\/20401"}],"collection":[{"href":"https:\/\/www.correiodascidades.com.br\/v1\/wp-json\/wp\/v2\/posts"}],"about":[{"href":"https:\/\/www.correiodascidades.com.br\/v1\/wp-json\/wp\/v2\/types\/post"}],"author":[{"embeddable":true,"href":"https:\/\/www.correiodascidades.com.br\/v1\/wp-json\/wp\/v2\/users\/3"}],"replies":[{"embeddable":true,"href":"https:\/\/www.correiodascidades.com.br\/v1\/wp-json\/wp\/v2\/comments?post=20401"}],"version-history":[{"count":1,"href":"https:\/\/www.correiodascidades.com.br\/v1\/wp-json\/wp\/v2\/posts\/20401\/revisions"}],"predecessor-version":[{"id":20403,"href":"https:\/\/www.correiodascidades.com.br\/v1\/wp-json\/wp\/v2\/posts\/20401\/revisions\/20403"}],"wp:featuredmedia":[{"embeddable":true,"href":"https:\/\/www.correiodascidades.com.br\/v1\/wp-json\/wp\/v2\/media\/20402"}],"wp:attachment":[{"href":"https:\/\/www.correiodascidades.com.br\/v1\/wp-json\/wp\/v2\/media?parent=20401"}],"wp:term":[{"taxonomy":"category","embeddable":true,"href":"https:\/\/www.correiodascidades.com.br\/v1\/wp-json\/wp\/v2\/categories?post=20401"},{"taxonomy":"post_tag","embeddable":true,"href":"https:\/\/www.correiodascidades.com.br\/v1\/wp-json\/wp\/v2\/tags?post=20401"}],"curies":[{"name":"wp","href":"https:\/\/api.w.org\/{rel}","templated":true}]}}