{"id":20407,"date":"2026-02-24T17:55:34","date_gmt":"2026-02-24T20:55:34","guid":{"rendered":"https:\/\/www.correiodascidades.com.br\/v1\/?p=20407"},"modified":"2026-02-24T17:55:34","modified_gmt":"2026-02-24T20:55:34","slug":"camara-de-lauro-de-freitas-da-posse-a-tres-novos-vereadores-apos-cassacao-por-fraude-a-cota-de-genero","status":"publish","type":"post","link":"https:\/\/www.correiodascidades.com.br\/v1\/2026\/02\/24\/camara-de-lauro-de-freitas-da-posse-a-tres-novos-vereadores-apos-cassacao-por-fraude-a-cota-de-genero\/","title":{"rendered":"C\u00e2mara de Lauro de Freitas d\u00e1 posse a tr\u00eas novos vereadores ap\u00f3s cassa\u00e7\u00e3o por fraude \u00e0 cota de g\u00eanero"},"content":{"rendered":"<div class=\"elementor-element elementor-element-693ca15d elementor-widget elementor-widget-heading\" data-id=\"693ca15d\" data-element_type=\"widget\" data-widget_type=\"heading.default\">\n<div class=\"elementor-widget-container\"><\/div>\n<\/div>\n<div class=\"elementor-element elementor-element-33691e76 single-content-post elementor-widget elementor-widget-theme-post-content\" data-id=\"33691e76\" data-element_type=\"widget\" data-widget_type=\"theme-post-content.default\">\n<div class=\"elementor-widget-container\">\n<p><strong><img loading=\"lazy\" class=\"aligncenter wp-image-256057\" src=\"https:\/\/blogdogusmao.com.br\/wp-content\/uploads\/2026\/02\/Camara-de-Lauro-de-Freitas-da-posse-a-tres-novos-vereadores-apos-cassacao-por-fraude-a-cota-de-genero.jpg\" alt=\"\" width=\"500\" height=\"358\" \/><br \/>\nAdvogada ilheense teve atua\u00e7\u00e3o nos processos no TRE-BA.<\/strong><\/p>\n<p>Tr\u00eas vereadores Flor Cruz (Avante), Felipe Manass\u00e9s (PROGRESSSITAS) e Rodrigo Criolo (MDB). de Lauro de Freitas tomaram posse na C\u00e2mara Municipal, nesta segunda-feira (23). Eles assumem as vagas anteriormente ocupadas por representantes do PSD e do PSB, cujas chapas foram integralmente cassadas pelo Tribunal Regional Eleitoral da Bahia (TRE-BA). A decis\u00e3o reconheceu a pr\u00e1tica de fraude \u00e0 cota de g\u00eanero, com a utiliza\u00e7\u00e3o de candidaturas femininas fict\u00edcias, apenas para cumprimento formal do percentual m\u00ednimo exigido por lei, sem efetiva campanha ou vota\u00e7\u00e3o expressiva.<\/p>\n<\/div>\n<\/div>\n<p><!--more--><\/p>\n<p>&nbsp;<\/p>\n","protected":false},"excerpt":{"rendered":"<p>Advogada ilheense teve atua\u00e7\u00e3o nos processos no TRE-BA. Tr\u00eas vereadores Flor Cruz (Avante), Felipe Manass\u00e9s (PROGRESSSITAS) e Rodrigo Criolo (MDB). de Lauro de Freitas tomaram posse na C\u00e2mara Municipal, nesta segunda-feira (23). Eles assumem as vagas anteriormente ocupadas por representantes do PSD e do PSB, cujas chapas foram integralmente cassadas pelo Tribunal Regional Eleitoral da [&hellip;]<\/p>\n","protected":false},"author":3,"featured_media":20408,"comment_status":"closed","ping_status":"closed","sticky":false,"template":"","format":"standard","meta":{"_links_to":"","_links_to_target":""},"categories":[1],"tags":[],"_links":{"self":[{"href":"https:\/\/www.correiodascidades.com.br\/v1\/wp-json\/wp\/v2\/posts\/20407"}],"collection":[{"href":"https:\/\/www.correiodascidades.com.br\/v1\/wp-json\/wp\/v2\/posts"}],"about":[{"href":"https:\/\/www.correiodascidades.com.br\/v1\/wp-json\/wp\/v2\/types\/post"}],"author":[{"embeddable":true,"href":"https:\/\/www.correiodascidades.com.br\/v1\/wp-json\/wp\/v2\/users\/3"}],"replies":[{"embeddable":true,"href":"https:\/\/www.correiodascidades.com.br\/v1\/wp-json\/wp\/v2\/comments?post=20407"}],"version-history":[{"count":1,"href":"https:\/\/www.correiodascidades.com.br\/v1\/wp-json\/wp\/v2\/posts\/20407\/revisions"}],"predecessor-version":[{"id":20409,"href":"https:\/\/www.correiodascidades.com.br\/v1\/wp-json\/wp\/v2\/posts\/20407\/revisions\/20409"}],"wp:featuredmedia":[{"embeddable":true,"href":"https:\/\/www.correiodascidades.com.br\/v1\/wp-json\/wp\/v2\/media\/20408"}],"wp:attachment":[{"href":"https:\/\/www.correiodascidades.com.br\/v1\/wp-json\/wp\/v2\/media?parent=20407"}],"wp:term":[{"taxonomy":"category","embeddable":true,"href":"https:\/\/www.correiodascidades.com.br\/v1\/wp-json\/wp\/v2\/categories?post=20407"},{"taxonomy":"post_tag","embeddable":true,"href":"https:\/\/www.correiodascidades.com.br\/v1\/wp-json\/wp\/v2\/tags?post=20407"}],"curies":[{"name":"wp","href":"https:\/\/api.w.org\/{rel}","templated":true}]}}