{"id":20413,"date":"2026-02-25T00:20:09","date_gmt":"2026-02-25T03:20:09","guid":{"rendered":"https:\/\/www.correiodascidades.com.br\/v1\/?p=20413"},"modified":"2026-02-25T06:36:46","modified_gmt":"2026-02-25T09:36:46","slug":"ilheus-morreu-nenem-mecanico","status":"publish","type":"post","link":"https:\/\/www.correiodascidades.com.br\/v1\/2026\/02\/25\/ilheus-morreu-nenem-mecanico\/","title":{"rendered":"ILH\u00c9US: Morreu Nen\u00e9m mec\u00e2nico"},"content":{"rendered":"<p><img src=\"https:\/\/www.correiodascidades.com.br\/v1\/wp-content\/uploads\/2026\/02\/49be9c58-a0f7-435a-ad05-3399c31f1c4b-Nenem.jpg\" \/><\/p>\n<p>Nascido na cidade de Ilh\u00e9us,\u00a0 Ivanildo Miranda dos Santos Filho, conhecido por Nen\u00e9m mec\u00e2nico, atuou como profissional na \u00e1rea de consertos de carros.<\/p>\n<p>Pessoa carism\u00e1tica vivia sempre alegre e de bem com a vida. Pai exemplar e pessoa de bom cora\u00e7\u00e3o. <!--more--><\/p>\n<p>De acordo com informa\u00e7\u00f5es, no dia (20) de Janeiro o mesmo deu entrada na UPA da Avenida Esperan\u00e7a com fortes dores,\u00a0 l\u00e1 foi feito exames ele foi direcionado ao Costa do Cacau, ficou intubado, colocado na\u00a0 na UTI, e na noite desta ter\u00e7a-feira (24), ele n\u00e3o resistiu e morreu. Nen\u00e9m teria contra\u00eddo uma bact\u00e9ria e com ela veio uma infec\u00e7\u00e3o generalizada. Isso culminou na morte do mesmo.<\/p>\n<p>O corpo est\u00e1 sendo velado no SAF, Alto da Conquista na cidade de Ilh\u00e9us, o enterro ser\u00e1 nesta quarta-feira, com cemit\u00e9rio e hor\u00e1rio a ser informado.<\/p>\n<p>&nbsp;<\/p>\n","protected":false},"excerpt":{"rendered":"<p>Nascido na cidade de Ilh\u00e9us,\u00a0 Ivanildo Miranda dos Santos Filho, conhecido por Nen\u00e9m mec\u00e2nico, atuou como profissional na \u00e1rea de consertos de carros. Pessoa carism\u00e1tica vivia sempre alegre e de bem com a vida. Pai exemplar e pessoa de bom cora\u00e7\u00e3o.<\/p>\n","protected":false},"author":3,"featured_media":20415,"comment_status":"closed","ping_status":"closed","sticky":false,"template":"","format":"standard","meta":{"_links_to":"","_links_to_target":""},"categories":[1],"tags":[],"_links":{"self":[{"href":"https:\/\/www.correiodascidades.com.br\/v1\/wp-json\/wp\/v2\/posts\/20413"}],"collection":[{"href":"https:\/\/www.correiodascidades.com.br\/v1\/wp-json\/wp\/v2\/posts"}],"about":[{"href":"https:\/\/www.correiodascidades.com.br\/v1\/wp-json\/wp\/v2\/types\/post"}],"author":[{"embeddable":true,"href":"https:\/\/www.correiodascidades.com.br\/v1\/wp-json\/wp\/v2\/users\/3"}],"replies":[{"embeddable":true,"href":"https:\/\/www.correiodascidades.com.br\/v1\/wp-json\/wp\/v2\/comments?post=20413"}],"version-history":[{"count":7,"href":"https:\/\/www.correiodascidades.com.br\/v1\/wp-json\/wp\/v2\/posts\/20413\/revisions"}],"predecessor-version":[{"id":20422,"href":"https:\/\/www.correiodascidades.com.br\/v1\/wp-json\/wp\/v2\/posts\/20413\/revisions\/20422"}],"wp:featuredmedia":[{"embeddable":true,"href":"https:\/\/www.correiodascidades.com.br\/v1\/wp-json\/wp\/v2\/media\/20415"}],"wp:attachment":[{"href":"https:\/\/www.correiodascidades.com.br\/v1\/wp-json\/wp\/v2\/media?parent=20413"}],"wp:term":[{"taxonomy":"category","embeddable":true,"href":"https:\/\/www.correiodascidades.com.br\/v1\/wp-json\/wp\/v2\/categories?post=20413"},{"taxonomy":"post_tag","embeddable":true,"href":"https:\/\/www.correiodascidades.com.br\/v1\/wp-json\/wp\/v2\/tags?post=20413"}],"curies":[{"name":"wp","href":"https:\/\/api.w.org\/{rel}","templated":true}]}}