{"id":20423,"date":"2026-02-25T07:34:39","date_gmt":"2026-02-25T10:34:39","guid":{"rendered":"https:\/\/www.correiodascidades.com.br\/v1\/?p=20423"},"modified":"2026-02-25T07:34:39","modified_gmt":"2026-02-25T10:34:39","slug":"ilheus-dois-carros-colidem-de-frente-na-zona-sul","status":"publish","type":"post","link":"https:\/\/www.correiodascidades.com.br\/v1\/2026\/02\/25\/ilheus-dois-carros-colidem-de-frente-na-zona-sul\/","title":{"rendered":"ILH\u00c9US: Dois carros colidem de frente na Zona Sul"},"content":{"rendered":"<p><img src=\"https:\/\/www.correiodascidades.com.br\/v1\/wp-content\/uploads\/2026\/02\/0ae21021-0cd0-4e55-b8c8-ecb95e20aea9-Carros.jpg\" \/><\/p>\n<p>Na manh\u00e3 desta quarta-feira (25), logo inicio do dia, dois ve\u00edculos se chocaram de frente, danificando parte de suas carrocerias. O acidente aconteceu na Rodovia Presidente Tancredo Neves,\u00a0 nas imedia\u00e7\u00f5es de um posto de Gasolina.<\/p>\n<p>Os dois carros ficaram ao lado da pista, os motoristas nada tiveram, os autom\u00f3veis eram um Creta cor Branco, e um P\u00e1lio Vermelho, com o impacto os dois se danificaram muito. <!--more--><\/p>\n<p>O tr\u00e2nsito no local ficou completamente lento, pois, o hor\u00e1rio que o fato aconteceu \u00e9 de grande movimenta\u00e7\u00e3o das pessoas que estavam indo trabalhar.<\/p>\n<p>O epis\u00f3dio refor\u00e7a a necessidade de uma fiscaliza\u00e7\u00e3o de transito com mais equipamentos indicativos no local, e um posicionamento das autoridades com rela\u00e7\u00e3o \u00e0 sinaliza\u00e7\u00e3o no local e uma rotat\u00f3ria, pois quem sai das ruas transversais n\u00e3o tem uma log\u00edstica boa de trafego.<\/p>\n","protected":false},"excerpt":{"rendered":"<p>Na manh\u00e3 desta quarta-feira (25), logo inicio do dia, dois ve\u00edculos se chocaram de frente, danificando parte de suas carrocerias. O acidente aconteceu na Rodovia Presidente Tancredo Neves,\u00a0 nas imedia\u00e7\u00f5es de um posto de Gasolina. Os dois carros ficaram ao lado da pista, os motoristas nada tiveram, os autom\u00f3veis eram um Creta cor Branco, e [&hellip;]<\/p>\n","protected":false},"author":3,"featured_media":20426,"comment_status":"closed","ping_status":"closed","sticky":false,"template":"","format":"standard","meta":{"_links_to":"","_links_to_target":""},"categories":[1],"tags":[],"_links":{"self":[{"href":"https:\/\/www.correiodascidades.com.br\/v1\/wp-json\/wp\/v2\/posts\/20423"}],"collection":[{"href":"https:\/\/www.correiodascidades.com.br\/v1\/wp-json\/wp\/v2\/posts"}],"about":[{"href":"https:\/\/www.correiodascidades.com.br\/v1\/wp-json\/wp\/v2\/types\/post"}],"author":[{"embeddable":true,"href":"https:\/\/www.correiodascidades.com.br\/v1\/wp-json\/wp\/v2\/users\/3"}],"replies":[{"embeddable":true,"href":"https:\/\/www.correiodascidades.com.br\/v1\/wp-json\/wp\/v2\/comments?post=20423"}],"version-history":[{"count":1,"href":"https:\/\/www.correiodascidades.com.br\/v1\/wp-json\/wp\/v2\/posts\/20423\/revisions"}],"predecessor-version":[{"id":20427,"href":"https:\/\/www.correiodascidades.com.br\/v1\/wp-json\/wp\/v2\/posts\/20423\/revisions\/20427"}],"wp:featuredmedia":[{"embeddable":true,"href":"https:\/\/www.correiodascidades.com.br\/v1\/wp-json\/wp\/v2\/media\/20426"}],"wp:attachment":[{"href":"https:\/\/www.correiodascidades.com.br\/v1\/wp-json\/wp\/v2\/media?parent=20423"}],"wp:term":[{"taxonomy":"category","embeddable":true,"href":"https:\/\/www.correiodascidades.com.br\/v1\/wp-json\/wp\/v2\/categories?post=20423"},{"taxonomy":"post_tag","embeddable":true,"href":"https:\/\/www.correiodascidades.com.br\/v1\/wp-json\/wp\/v2\/tags?post=20423"}],"curies":[{"name":"wp","href":"https:\/\/api.w.org\/{rel}","templated":true}]}}