{"id":20428,"date":"2026-02-25T07:42:10","date_gmt":"2026-02-25T10:42:10","guid":{"rendered":"https:\/\/www.correiodascidades.com.br\/v1\/?p=20428"},"modified":"2026-02-25T07:42:10","modified_gmt":"2026-02-25T10:42:10","slug":"paulo-azi-e-relator-da-pec-da-jornada-6x1","status":"publish","type":"post","link":"https:\/\/www.correiodascidades.com.br\/v1\/2026\/02\/25\/paulo-azi-e-relator-da-pec-da-jornada-6x1\/","title":{"rendered":"Paulo Azi \u00e9 relator da PEC da jornada 6\u00d71"},"content":{"rendered":"<header class=\"page-header page-header-simple\"><span class=\"author\"><a class=\"url fn n\" title=\"Ver todos os posts de Evellyn Teixeira\" href=\"https:\/\/sociedadeonline.com\/author\/ecristo\/\">Evellyn Teixeira<\/a><\/span><\/p>\n<\/header>\n<section class=\"post-media\">\n<figure class=\"pk-lightbox-container\" data-pk-uuid=\"iyom3u07r\"><a class=\"pk-image-popup pk-zoom-icon-popup\" href=\"https:\/\/sociedadeonline.com\/wp-content\/smush-avif\/2026\/02\/Foto-para-materia-6-10.png.avif\">\u00a0 \u00a0 \u00a0 \u00a0 \u00a0 \u00a0 \u00a0 \u00a0 \u00a0 \u00a0 \u00a0 \u00a0 \u00a0 \u00a0 \u00a0 \u00a0 \u00a0 \u00a0 \u00a0 \u00a0 \u00a0 \u00a0 \u00a0 \u00a0 \u00a0 \u00a0 \u00a0 \u00a0 \u00a0 \u00a0 \u00a0 \u00a0 \u00a0 \u00a0 \u00a0 \u00a0 <img loading=\"lazy\" class=\"attachment-csco-800 size-csco-800 wp-post-image\" src=\"https:\/\/sociedadeonline.com\/wp-content\/smush-avif\/2026\/02\/Foto-para-materia-6-10.png.avif\" sizes=\"(max-width: 800px) 100vw, 800px\" srcset=\"https:\/\/sociedadeonline.com\/wp-content\/smush-avif\/2026\/02\/Foto-para-materia-6-10.png.avif 800w, https:\/\/sociedadeonline.com\/wp-content\/smush-avif\/2026\/02\/Foto-para-materia-6-10-120x80.png.avif 120w, https:\/\/sociedadeonline.com\/wp-content\/smush-avif\/2026\/02\/Foto-para-materia-6-10-90x60.png.avif 90w, https:\/\/sociedadeonline.com\/wp-content\/smush-avif\/2026\/02\/Foto-para-materia-6-10-320x213.png.avif 320w, https:\/\/sociedadeonline.com\/wp-content\/smush-avif\/2026\/02\/Foto-para-materia-6-10-560x373.png.avif 560w\" alt=\"\" width=\"800\" height=\"533\" \/><\/a><\/p>\n<div class=\"ccfic\"><\/div><figcaption>Pablo Valadares\/C\u00e2mara dos Deputados<\/figcaption><\/figure>\n<\/section>\n<div class=\"post-wrap\">\n<aside class=\"post-sidebar\">\n<div class=\"pk-share-buttons-wrap pk-share-buttons-layout-simple pk-share-buttons-scheme-default pk-share-buttons-has-counts pk-share-buttons-post-sidebar pk-share-buttons-mode-php pk-share-buttons-mode-rest\" data-post-id=\"315801\" data-share-url=\"https:\/\/sociedadeonline.com\/paulo-azi-e-relator-da-pec-da-jornada-6x1\/\">\n<div class=\"pk-share-buttons-items\">\n<div class=\"pk-share-buttons-item pk-share-buttons-telegram pk-share-buttons-no-count\" data-id=\"telegram\">O deputado federal Paulo Azi (Uni\u00e3o Brasil) foi escolhido, nesta ter\u00e7a-feira (24), relator da Proposta de Emenda \u00e0 Constitui\u00e7\u00e3o (PEC) que trata da jornada de trabalho no modelo 6\u00d71 na Comiss\u00e3o de Constitui\u00e7\u00e3o e Justi\u00e7a e de Cidadania (CCJ) da C\u00e2mara dos Deputados. A indica\u00e7\u00e3o foi aprovada pelo bloco parlamentar, que destacou a experi\u00eancia do deputado nas \u00e1reas trabalhista e constitucional.<\/div>\n<\/div>\n<\/div>\n<\/aside>\n<\/div>\n<p><!--more--><\/p>\n<p>Ap\u00f3s a confirma\u00e7\u00e3o, o parlamentar afirmou que a proposta tem impacto direto sobre o mercado de trabalho e a economia do pa\u00eds, defendendo uma an\u00e1lise criteriosa do texto. Segundo ele, o objetivo \u00e9 ampliar o debate, ouvindo deputados, representantes de setores produtivos e especialistas, para garantir um parecer t\u00e9cnico e respons\u00e1vel.<\/p>\n<p>Paulo Azi tamb\u00e9m ressaltou que a discuss\u00e3o sobre a jornada de trabalho influencia produtividade, qualidade de vida, competitividade das empresas e atra\u00e7\u00e3o de investimentos. Para o relator, o tema exige aprofundamento e di\u00e1logo com trabalhadores, empregadores e estudiosos da legisla\u00e7\u00e3o trabalhista, diante dos efeitos que pode gerar em todo o ambiente de emprego no Brasil.<\/p>\n","protected":false},"excerpt":{"rendered":"<p>Evellyn Teixeira \u00a0 \u00a0 \u00a0 \u00a0 \u00a0 \u00a0 \u00a0 \u00a0 \u00a0 \u00a0 \u00a0 \u00a0 \u00a0 \u00a0 \u00a0 \u00a0 \u00a0 \u00a0 \u00a0 \u00a0 \u00a0 \u00a0 \u00a0 \u00a0 \u00a0 \u00a0 \u00a0 \u00a0 \u00a0 \u00a0 \u00a0 \u00a0 \u00a0 \u00a0 \u00a0 \u00a0 Pablo Valadares\/C\u00e2mara dos Deputados O deputado federal Paulo Azi (Uni\u00e3o Brasil) foi escolhido, nesta ter\u00e7a-feira (24), relator [&hellip;]<\/p>\n","protected":false},"author":3,"featured_media":20429,"comment_status":"closed","ping_status":"closed","sticky":false,"template":"","format":"standard","meta":{"_links_to":"","_links_to_target":""},"categories":[1],"tags":[],"_links":{"self":[{"href":"https:\/\/www.correiodascidades.com.br\/v1\/wp-json\/wp\/v2\/posts\/20428"}],"collection":[{"href":"https:\/\/www.correiodascidades.com.br\/v1\/wp-json\/wp\/v2\/posts"}],"about":[{"href":"https:\/\/www.correiodascidades.com.br\/v1\/wp-json\/wp\/v2\/types\/post"}],"author":[{"embeddable":true,"href":"https:\/\/www.correiodascidades.com.br\/v1\/wp-json\/wp\/v2\/users\/3"}],"replies":[{"embeddable":true,"href":"https:\/\/www.correiodascidades.com.br\/v1\/wp-json\/wp\/v2\/comments?post=20428"}],"version-history":[{"count":1,"href":"https:\/\/www.correiodascidades.com.br\/v1\/wp-json\/wp\/v2\/posts\/20428\/revisions"}],"predecessor-version":[{"id":20430,"href":"https:\/\/www.correiodascidades.com.br\/v1\/wp-json\/wp\/v2\/posts\/20428\/revisions\/20430"}],"wp:featuredmedia":[{"embeddable":true,"href":"https:\/\/www.correiodascidades.com.br\/v1\/wp-json\/wp\/v2\/media\/20429"}],"wp:attachment":[{"href":"https:\/\/www.correiodascidades.com.br\/v1\/wp-json\/wp\/v2\/media?parent=20428"}],"wp:term":[{"taxonomy":"category","embeddable":true,"href":"https:\/\/www.correiodascidades.com.br\/v1\/wp-json\/wp\/v2\/categories?post=20428"},{"taxonomy":"post_tag","embeddable":true,"href":"https:\/\/www.correiodascidades.com.br\/v1\/wp-json\/wp\/v2\/tags?post=20428"}],"curies":[{"name":"wp","href":"https:\/\/api.w.org\/{rel}","templated":true}]}}