{"id":20431,"date":"2026-02-25T09:11:51","date_gmt":"2026-02-25T12:11:51","guid":{"rendered":"https:\/\/www.correiodascidades.com.br\/v1\/?p=20431"},"modified":"2026-02-25T09:11:51","modified_gmt":"2026-02-25T12:11:51","slug":"ilheus-carro-do-sutran-foi-atingido-por-uma-moto","status":"publish","type":"post","link":"https:\/\/www.correiodascidades.com.br\/v1\/2026\/02\/25\/ilheus-carro-do-sutran-foi-atingido-por-uma-moto\/","title":{"rendered":"Ilh\u00e9us: Carro do Sutran \u00a0foi atingido por uma moto."},"content":{"rendered":"<p><img src=\"https:\/\/www.correiodascidades.com.br\/v1\/wp-content\/uploads\/2026\/02\/ea29d3a7-fd94-4550-b22d-cb0904e9994f-substitui.jpg\" \/><\/p>\n<p>Informa\u00e7\u00f5es chegadas at\u00e9 o Correio &#8211; indica que uma moto teria colidido com o veiculo de Fiscaliza\u00e7\u00e3o do Tr\u00e2nsito a viatura que os agentes rodam pela cidade.<\/p>\n<p>O referido carro estava chegando para o ponto de apoio localizado na descida do Hospital S\u00e3o Jos\u00e9, quando uma moto ao passar pelo veiculo atingiu a parte do para-choque. <!--more--><\/p>\n<p>Os agentes desceram da unidade m\u00f3vel e logo se formou um aglomerado de agentes, o que chamou aten\u00e7\u00e3o das pessoas que passavam pelo local.<\/p>\n<p>Importante lembrar que o ocorrido n\u00e3o foi nada grave e que tudo terminou dentro do n\u00edvel aceit\u00e1vel.<\/p>\n","protected":false},"excerpt":{"rendered":"<p>Informa\u00e7\u00f5es chegadas at\u00e9 o Correio &#8211; indica que uma moto teria colidido com o veiculo de Fiscaliza\u00e7\u00e3o do Tr\u00e2nsito a viatura que os agentes rodam pela cidade. O referido carro estava chegando para o ponto de apoio localizado na descida do Hospital S\u00e3o Jos\u00e9, quando uma moto ao passar pelo veiculo atingiu a parte do [&hellip;]<\/p>\n","protected":false},"author":3,"featured_media":20434,"comment_status":"closed","ping_status":"closed","sticky":false,"template":"","format":"standard","meta":{"_links_to":"","_links_to_target":""},"categories":[1],"tags":[],"_links":{"self":[{"href":"https:\/\/www.correiodascidades.com.br\/v1\/wp-json\/wp\/v2\/posts\/20431"}],"collection":[{"href":"https:\/\/www.correiodascidades.com.br\/v1\/wp-json\/wp\/v2\/posts"}],"about":[{"href":"https:\/\/www.correiodascidades.com.br\/v1\/wp-json\/wp\/v2\/types\/post"}],"author":[{"embeddable":true,"href":"https:\/\/www.correiodascidades.com.br\/v1\/wp-json\/wp\/v2\/users\/3"}],"replies":[{"embeddable":true,"href":"https:\/\/www.correiodascidades.com.br\/v1\/wp-json\/wp\/v2\/comments?post=20431"}],"version-history":[{"count":1,"href":"https:\/\/www.correiodascidades.com.br\/v1\/wp-json\/wp\/v2\/posts\/20431\/revisions"}],"predecessor-version":[{"id":20435,"href":"https:\/\/www.correiodascidades.com.br\/v1\/wp-json\/wp\/v2\/posts\/20431\/revisions\/20435"}],"wp:featuredmedia":[{"embeddable":true,"href":"https:\/\/www.correiodascidades.com.br\/v1\/wp-json\/wp\/v2\/media\/20434"}],"wp:attachment":[{"href":"https:\/\/www.correiodascidades.com.br\/v1\/wp-json\/wp\/v2\/media?parent=20431"}],"wp:term":[{"taxonomy":"category","embeddable":true,"href":"https:\/\/www.correiodascidades.com.br\/v1\/wp-json\/wp\/v2\/categories?post=20431"},{"taxonomy":"post_tag","embeddable":true,"href":"https:\/\/www.correiodascidades.com.br\/v1\/wp-json\/wp\/v2\/tags?post=20431"}],"curies":[{"name":"wp","href":"https:\/\/api.w.org\/{rel}","templated":true}]}}