{"id":20439,"date":"2026-02-25T21:33:57","date_gmt":"2026-02-26T00:33:57","guid":{"rendered":"https:\/\/www.correiodascidades.com.br\/v1\/?p=20439"},"modified":"2026-02-25T21:33:57","modified_gmt":"2026-02-26T00:33:57","slug":"duas-criancas-sao-baleadas-em-ataque-a-tiros-em-eunapolis","status":"publish","type":"post","link":"https:\/\/www.correiodascidades.com.br\/v1\/2026\/02\/25\/duas-criancas-sao-baleadas-em-ataque-a-tiros-em-eunapolis\/","title":{"rendered":"Duas crian\u00e7as s\u00e3o baleadas em ataque a tiros em Eun\u00e1polis"},"content":{"rendered":"<header class=\"page-header page-header-simple\">\n<h1 class=\"entry-title\"><\/h1>\n<\/header>\n<section class=\"post-media\">\n<figure class=\"pk-lightbox-container\" data-pk-uuid=\"04l1cul3u\"><a class=\"pk-image-popup pk-zoom-icon-popup\" href=\"https:\/\/sociedadeonline.com\/wp-content\/smush-avif\/2026\/02\/Foto-para-materia-2026-02-25T174357.933.png.avif\">\u00a0 \u00a0 \u00a0 \u00a0 \u00a0 \u00a0 \u00a0 \u00a0 \u00a0 \u00a0 \u00a0 \u00a0 \u00a0 \u00a0 \u00a0 \u00a0 \u00a0 \u00a0 \u00a0 \u00a0 \u00a0 \u00a0 \u00a0 \u00a0 \u00a0 \u00a0 \u00a0 \u00a0 \u00a0 \u00a0 \u00a0 \u00a0 \u00a0 \u00a0 \u00a0 \u00a0 \u00a0 \u00a0 \u00a0 \u00a0 \u00a0 \u00a0 \u00a0 \u00a0 \u00a0 \u00a0 \u00a0 \u00a0 \u00a0 \u00a0 \u00a0 \u00a0 <img loading=\"lazy\" class=\"attachment-csco-800  wp-post-image\" src=\"https:\/\/sociedadeonline.com\/wp-content\/smush-avif\/2026\/02\/Foto-para-materia-2026-02-25T174357.933.png.avif\" sizes=\"(max-width: 800px) 100vw, 800px\" srcset=\"https:\/\/sociedadeonline.com\/wp-content\/smush-avif\/2026\/02\/Foto-para-materia-2026-02-25T174357.933.png.avif 800w, https:\/\/sociedadeonline.com\/wp-content\/smush-avif\/2026\/02\/Foto-para-materia-2026-02-25T174357.933-120x80.png.avif 120w, https:\/\/sociedadeonline.com\/wp-content\/smush-avif\/2026\/02\/Foto-para-materia-2026-02-25T174357.933-90x60.png.avif 90w, https:\/\/sociedadeonline.com\/wp-content\/smush-avif\/2026\/02\/Foto-para-materia-2026-02-25T174357.933-320x213.png.avif 320w, https:\/\/sociedadeonline.com\/wp-content\/smush-avif\/2026\/02\/Foto-para-materia-2026-02-25T174357.933-560x373.png.avif 560w\" alt=\"\" width=\"579\" height=\"386\" \/><\/a><figcaption><\/figcaption><\/figure>\n<\/section>\n<div class=\"post-wrap\">\n<aside class=\"post-sidebar\">\n<div class=\"pk-share-buttons-wrap pk-share-buttons-layout-simple pk-share-buttons-scheme-default pk-share-buttons-has-counts pk-share-buttons-post-sidebar pk-share-buttons-mode-php pk-share-buttons-mode-rest\" data-post-id=\"315885\" data-share-url=\"https:\/\/sociedadeonline.com\/duas-criancas-sao-baleadas-em-ataque-a-tiros-em-eunapolis\/\">\n<div class=\"pk-share-buttons-items\">\n<div class=\"pk-share-buttons-item pk-share-buttons-facebook pk-share-buttons-no-count\" data-id=\"facebook\"><\/div>\n<div class=\"pk-share-buttons-item pk-share-buttons-telegram pk-share-buttons-no-count\" data-id=\"telegram\">Duas crian\u00e7as de 12 e 6 anos foram baleados na noite desta ter\u00e7a-feira (24) em Eun\u00e1polis, no sul da Bahia. De acordo com a Pol\u00edcia Civil, houve uma troca de tiros no bairro Pequi, e os disparos atingiram as v\u00edtimas. Nenhum suspeito foi localizado ou preso at\u00e9 o momento.<\/div>\n<\/div>\n<\/div>\n<\/aside>\n<\/div>\n<p><!--more--><\/p>\n<p>Segundo a corpora\u00e7\u00e3o, o jovem de 12 anos estava perto de casa quando dois homens usando capacetes atiraram contra a v\u00edtima. Ele foi atingido no p\u00e9 e na n\u00e1dega, e correu para dentro do im\u00f3vel para se proteger. A crian\u00e7a de 6 anos estava perto do local e foi baleada no bra\u00e7o e abd\u00f4men.<\/p>\n<p>As v\u00edtimas foram socorridas e levadas ao Hospital Regional de Eun\u00e1polis onde seguem internadas. O adolescente est\u00e1 est\u00e1vel e sem risco de morte, j\u00e1 a crian\u00e7a, apresenta estado grave e passou por procedimento cir\u00fargico. Em nota, a Pol\u00edcia Civil informou que investiga o caso afim de buscar os autores e a motiva\u00e7\u00e3o do crime.<\/p>\n","protected":false},"excerpt":{"rendered":"<p>\u00a0 \u00a0 \u00a0 \u00a0 \u00a0 \u00a0 \u00a0 \u00a0 \u00a0 \u00a0 \u00a0 \u00a0 \u00a0 \u00a0 \u00a0 \u00a0 \u00a0 \u00a0 \u00a0 \u00a0 \u00a0 \u00a0 \u00a0 \u00a0 \u00a0 \u00a0 \u00a0 \u00a0 \u00a0 \u00a0 \u00a0 \u00a0 \u00a0 \u00a0 \u00a0 \u00a0 \u00a0 \u00a0 \u00a0 \u00a0 \u00a0 \u00a0 \u00a0 \u00a0 \u00a0 \u00a0 \u00a0 \u00a0 \u00a0 \u00a0 \u00a0 \u00a0 Duas crian\u00e7as de [&hellip;]<\/p>\n","protected":false},"author":3,"featured_media":20440,"comment_status":"closed","ping_status":"closed","sticky":false,"template":"","format":"standard","meta":{"_links_to":"","_links_to_target":""},"categories":[1],"tags":[],"_links":{"self":[{"href":"https:\/\/www.correiodascidades.com.br\/v1\/wp-json\/wp\/v2\/posts\/20439"}],"collection":[{"href":"https:\/\/www.correiodascidades.com.br\/v1\/wp-json\/wp\/v2\/posts"}],"about":[{"href":"https:\/\/www.correiodascidades.com.br\/v1\/wp-json\/wp\/v2\/types\/post"}],"author":[{"embeddable":true,"href":"https:\/\/www.correiodascidades.com.br\/v1\/wp-json\/wp\/v2\/users\/3"}],"replies":[{"embeddable":true,"href":"https:\/\/www.correiodascidades.com.br\/v1\/wp-json\/wp\/v2\/comments?post=20439"}],"version-history":[{"count":1,"href":"https:\/\/www.correiodascidades.com.br\/v1\/wp-json\/wp\/v2\/posts\/20439\/revisions"}],"predecessor-version":[{"id":20441,"href":"https:\/\/www.correiodascidades.com.br\/v1\/wp-json\/wp\/v2\/posts\/20439\/revisions\/20441"}],"wp:featuredmedia":[{"embeddable":true,"href":"https:\/\/www.correiodascidades.com.br\/v1\/wp-json\/wp\/v2\/media\/20440"}],"wp:attachment":[{"href":"https:\/\/www.correiodascidades.com.br\/v1\/wp-json\/wp\/v2\/media?parent=20439"}],"wp:term":[{"taxonomy":"category","embeddable":true,"href":"https:\/\/www.correiodascidades.com.br\/v1\/wp-json\/wp\/v2\/categories?post=20439"},{"taxonomy":"post_tag","embeddable":true,"href":"https:\/\/www.correiodascidades.com.br\/v1\/wp-json\/wp\/v2\/tags?post=20439"}],"curies":[{"name":"wp","href":"https:\/\/api.w.org\/{rel}","templated":true}]}}