{"id":20442,"date":"2026-02-25T21:39:40","date_gmt":"2026-02-26T00:39:40","guid":{"rendered":"https:\/\/www.correiodascidades.com.br\/v1\/?p=20442"},"modified":"2026-02-25T21:39:40","modified_gmt":"2026-02-26T00:39:40","slug":"bahia-perde-para-o-ohiggins-nos-penaltis-e-e-eliminado-da-libertadores","status":"publish","type":"post","link":"https:\/\/www.correiodascidades.com.br\/v1\/2026\/02\/25\/bahia-perde-para-o-ohiggins-nos-penaltis-e-e-eliminado-da-libertadores\/","title":{"rendered":"Bahia perde para o O\u2019Higgins nos p\u00eanaltis e \u00e9 eliminado da Libertadores"},"content":{"rendered":"<div class=\"flex flex-col w-full\">\n<h1 id=\"titulo-mep7wevksm\" class=\"component--titulo font-family-secondary text-[34px] font-semibold leading-[42px] text-tw-theme-text-default md:max-lg:text-[40px] lg:text-[42px] lg:leading-[50px]\"><span style=\"font-size: 16px;\">Willian Jos\u00e9, duas vezes, marcou os gols do time tricolor no tempo normal, enquanto Castillo diminuiu<\/span><\/h1>\n<\/div>\n<div class=\"flex flex-col w-full\">\n<div id=\"informacao-publicacao-lgr821v9j2\" class=\"flex flex-col gap-2 text-tw-theme-text-default font-family-primary m-0 text-sm\">\n<div class=\"flex flex-row justify-between items-center gap-2\"><\/div>\n<div class=\"w-full  h-[1px] m-0 mt-4 mb-2 p-0 bg-gray-300\"><\/div>\n<\/div>\n<\/div>\n<div class=\"container--component-block\">\n<div id=\"single_top_piano\">\n<div id=\"internas_728x150\" data-google-query-id=\"CK3lntf09ZIDFV-LYQYdUooMNg\">\n<div id=\"google_ads_iframe_\/44585206\/d_c24h_internas_728x150_0__container__\"><\/div>\n<\/div>\n<\/div>\n<\/div>\n<div class=\"flex flex-col w-full\">\n<div id=\"imagem-a3xu1sr3bg\" class=\"w-full\">\n<figure class=\"imagem-notas w-full max-w-full h-auto flex justify-center items-center overflow-hidden\">\n<div id=\"standard_1\" class=\"st-placement standard_1 inImage\">\n<div class=\"st-adunit st-adunit-tagged st-reset st-show\">\n<div class=\"st-adunit-ad st-reset\">\n<div class=\"st-display-render st-reset open 300x600\">\n<div class=\"st-canvas st-reset vertical-static\"><\/div>\n<\/div>\n<\/div>\n<\/div>\n<\/div>\n<p><img loading=\"lazy\" class=\"w-full h-auto\" src=\"https:\/\/midias.correio24horas.com.br\/2026\/02\/25\/bahia-x-ohiggins---2-fase-da-copa-libertadores-3159378-article.webp\" alt=\"Bahia x O'Higgins - 2\u00aa Fase da Copa Libertadores\" width=\"618\" height=\"412\" \/><\/figure>\n<p>Bahia x O&#8217;Higgins &#8211; 2\u00aa Fase da Copa Libertadores\u00a0<span class=\"font-bold\">Cr\u00e9dito: Let\u00edcia Martins\/EC Bahia<\/span><\/div>\n<\/div>\n<div class=\"flex flex-col w-full font-normal text-[18px] leading-[30px] text-tw-theme-text-default\">\n<p id=\"paragrafo-h1k9ghycbf\">As noites de Libertadores chegaram ao fim para o Bahia em 2026. A torcida atendeu ao recado e compareceu \u00e0 Arena Fonte Nova para apoiar o time\u00a0na noite desta quarta-feira (25) contra o O\u2019Higgins. No in\u00edcio, quem vestiu o tradicional azul, vermelho e branco at\u00e9 sorriu com os dois gols de Willian Jos\u00e9, mas Castillo definiu o 2&#215;1 no tempo normal e o Tricolor foi derrotado nas disputas de p\u00eanalti para o clube chileno.<\/p>\n<\/div>\n<div class=\"article_mrec_destaque sticky\">\n<div id=\"internas_336x280_01\" data-google-query-id=\"CISVkNf09ZIDFblOuAQdUFEFPQ\">\n<div id=\"google_ads_iframe_\/44585206\/d_c24h_internas_336x280_0__container__\">Com a lamenta\u00e7\u00e3o pela elimina\u00e7\u00e3o, o Esquadr\u00e3o tem um compromisso marcado para o pr\u00f3ximo final de semana. No s\u00e1bado (28), os tricolores recebem a Juazeirense na Arena Fonte Nova para disputar a semifinal do Campeonato Baiano. O confronto come\u00e7a a partir das 17h.<\/div>\n<\/div>\n<\/div>\n<p><!--more--><\/p>\n<div class=\"flex flex-col w-full\">\n<h2 id=\"intertitulo-8w27pb2m4x\" class=\"font-family-secondary text-tw-theme-box-titulo-default text-[26px] leading-[38px] font-bold md:text-[31px]\">O JOGO<\/h2>\n<\/div>\n<div class=\"flex flex-col w-full font-normal text-[18px] leading-[30px] text-tw-theme-text-default\">\n<p>20 segundos. Esse foi o tempo necess\u00e1rio para que o Bahia destru\u00edsse a vantagem constru\u00edda pela equipe chilena. Antes do primeiro minuto,\u00a0Ademir recebeu de Everton Ribeiro pela direita e cruzou para Willian Jos\u00e9, que apareceu de surpresa para completar para o fundo da<\/p>\n<div class=\"keywords-mark-700f60c8-7870-44e4-8eba-deeb3e75b02e stared\" data-markjs=\"true\">rede<\/div>\n<p id=\"paragrafo-tg9ofwqcxu\">.\u00a0A demora para a confirma\u00e7\u00e3o do gol deu tempo do torcedor atrasado se ajeitar nas cadeiras para acompanhar o time de cora\u00e7\u00e3o.<\/p>\n<\/div>\n<div class=\"flex flex-col w-full font-normal text-[18px] leading-[30px] text-tw-theme-text-default\">\n<p id=\"paragrafo-ymlzup8s94\">Sem mais vantagens em jogo, o O&#8217;Higgins continuou com a estrat\u00e9gia de abaixar os blocos de marca\u00e7\u00e3o e aguardar por uma brecha para surpreender os donos da casa. No entanto, os chilenos presenciaram um Esquadr\u00e3o tomando o controle da posse de bola com agressividade. Os comandados de Rog\u00e9rio Ceni come\u00e7aram o confronto tentando verticalizar o jogo para chegar ao gol advers\u00e1rio no menor tempo poss\u00edvel.<\/p>\n<\/div>\n<div class=\"flex flex-col w-full font-normal text-[18px] leading-[30px] text-tw-theme-text-default\">\n<p id=\"paragrafo-1pn91xdycj\">A empolga\u00e7\u00e3o do bom in\u00edcio levou o Bahia a diminuir o ritmo e tentar controlar mais a temperatura do confronto. O comportamento foi exatamente o que a equipe celeste precisava para entrar na partida. Os chilenos cresceram dentro do jogo e criaram oportunidades reais de empatar o confronto.<\/p>\n<\/div>\n<div class=\"flex flex-col w-full font-normal text-[18px] leading-[30px] text-tw-theme-text-default\">\n<p id=\"paragrafo-z5ex486go1\">No final da primeira etapa, o Esquadr\u00e3o voltou a tomar o controle do jogo e novamente empilhou chances. Em uma, Pulga balan\u00e7ou as redes impedido. No cruzamento seguinte, o camisa 16 foi empurrado dentro da \u00e1rea e o p\u00eanalti foi marcado. Autor do primeiro gol, Willian Jos\u00e9 partiu para a cobran\u00e7a e parou no goleiro\u00a0Omar Carabal\u00ed. No entanto, o rebote voltou no p\u00e9 do camisa 12, que s\u00f3 teve o trabalho de completar.<\/p>\n<\/div>\n<div class=\"flex flex-col w-full\" data-box-lista-comum=\"\">\n<div id=\"box-lista--comum-w46ot66mk9\" class=\"w-full\">\n<header class=\"flex flex-col m-0 px-3 py-4 bg-tw-theme-box-lista-background-primary rounded-t-md relative z-[1] \"><\/header>\n<div class=\"flex flex-col p-3 border border-[#e6e6e6] rounded-b-md shadow-[0px_0px_10px_#1f1f1f1a]\">\n<div class=\"border-b border-[#e6e6e6] flex flex-row justify-start items-center pb-3 mb-3 last:border-0 last:pb-0 last:mb-0\">\n<div class=\"flex flex-col justify-between self-start w-full h-full\">\n<h3 class=\"font-family-secondary text-[16px] leading-[20px] font-semibold text-black\"><\/h3>\n<\/div>\n<\/div>\n<\/div>\n<\/div>\n<\/div>\n<div class=\"flex flex-col w-full font-normal text-[18px] leading-[30px] text-tw-theme-text-default\">\n<p id=\"paragrafo-cs9fltmvdq\">A volta do intervalo contou com um Bahia ainda mais agressivo. O Tricolor voltou do vesti\u00e1rio pressionando o advers\u00e1rio dentro de sua \u00e1rea. Ao contr\u00e1rio do primeiro tempo, os chilenos tiveram que deixar a postura passiva e passar a agredir mais os mandantes.\u00a0Aos oito minutos do segundo tempo, Ademir errou no meio de campo e o O&#8217;Higgins recuperou a bola. O atacante Sarrafiore aproveitou a sobra, ficou com a bola e cruzou rasteiro para Castillo completar de p\u00e9 esquerdo para o gol vazio.<\/p>\n<\/div>\n<div class=\"flex flex-col w-full font-normal text-[18px] leading-[30px] text-tw-theme-text-default\">\n<p id=\"paragrafo-eafr570uf1\">Com o placar agregado empatado, o cen\u00e1rio na Fonte Nova foi de nervosismo total. O Esquadr\u00e3o se lan\u00e7ou ao ataque para retomar a vantagem, mas falhou em mais de uma oportunidade na recomposi\u00e7\u00e3o defensiva, o que permitiu os visitantes aproveitarem contra-ataques em sequ\u00eancia. Cada descida do\u00a0O&#8217;Higgins em velocidade s\u00f3 aumentava a tens\u00e3o do jogo.<\/p>\n<\/div>\n<div class=\"flex flex-col w-full font-normal text-[18px] leading-[30px] text-tw-theme-text-default\">\n<p id=\"paragrafo-43kgir9mmj\">Os minutos foram passando e as duas equipes mostraram que n\u00e3o tinham interesse de deixar a decis\u00e3o ir para a cobran\u00e7a de p\u00eanaltis. Enquanto o Bahia tentava superar a defesa celeste com jogadas pelas beiradas, o O&#8217;Higgins continuava apostando na bola longa e nas disputas pelo alto. Nenhuma das tentativas, por\u00e9m, conseguiram impedir as penalidades.<\/p>\n<\/div>\n<div class=\"flex flex-col w-full font-normal text-[18px] leading-[30px] text-tw-theme-text-default\">\n<p id=\"paragrafo-9dwzdrb16l\">Quando as cobran\u00e7as come\u00e7aram, a tens\u00e3o chegou ao seu \u00e1pice, mas a torcida tricolor continuou cantando para apoiar o time. Everaldo, Luciano Juba e Rodrigo Nestor acertaram, enquanto Ronaldo agarrou uma cobran\u00e7a, mas Dell e Everton Ribeiro perderam. No final, com todo o nervosismo, somente a torcida chilena terminou o dia sorrindo com a classifica\u00e7\u00e3o.<\/p>\n<\/div>\n<div class=\"flex flex-col w-full\">\n<h2 id=\"intertitulo-szd3o0ssqh\" class=\"font-family-secondary text-tw-theme-box-titulo-default text-[26px] leading-[38px] font-bold md:text-[31px]\">FICHA T\u00c9CNICA<\/h2>\n<\/div>\n<div class=\"flex flex-col w-full font-normal text-[18px] leading-[30px] text-tw-theme-text-default\">\n<p id=\"paragrafo-mmvoqym6hl\"><b>Bahia 2 x 1 O\u2019Higgins &#8211;\u00a02\u00aa fase da Copa Libertadores 2026<\/b><\/p>\n<\/div>\n<div class=\"flex flex-col w-full font-normal text-[18px] leading-[30px] text-tw-theme-text-default\">\n<p id=\"paragrafo-rajsg9knqm\"><b>Bahia:\u00a0<\/b>Ronaldo, Rom\u00e1n G\u00f3mez, Gabriel Xavier, Ramos Mingo e Luciano Juba; Caio Alexandre (Nico Acevedo), Jean Lucas e Everton Ribeiro; Ademir (Everaldo), Willian Jos\u00e9 (Dell) e Erick Pulga (Kike Olivera).\u00a0<b>T\u00e9cnico:\u00a0<\/b>Rog\u00e9rio Ceni.<\/p>\n<\/div>\n<div class=\"flex flex-col w-full font-normal text-[18px] leading-[30px] text-tw-theme-text-default\">\n<p id=\"paragrafo-58bysyd7bc\"><b>O\u2019Higgins:<\/b>\u00a0Omar Carabal\u00ed; Felipe Fa\u00fandez, Alan Robledo, Miguel Brizuela e Pavez Mu\u00f1oz; Juan Leiva (Thiago Vecino), Felipe Ogaz e Bryan Rabello (Schamine); Francisco Gonz\u00e1lez, Mart\u00edn Sarrafiore (Y\u00e1\u00f1ez) e Arnaldo Castillo.\u00a0<b>T\u00e9cnico:<\/b>\u00a0Lucas Bovaglio.<\/p>\n<\/div>\n<div class=\"flex flex-col w-full font-normal text-[18px] leading-[30px] text-tw-theme-text-default\">\n<p id=\"paragrafo-abhq5xw810\"><b>Est\u00e1dio:<\/b> Arena Fonte Nova, em Salvador;<\/p>\n<\/div>\n<div class=\"flex flex-col w-full font-normal text-[18px] leading-[30px] text-tw-theme-text-default\">\n<p id=\"paragrafo-rvuzwldr8a\"><b>Gols:<\/b>\u00a0Willian Jos\u00e9 (1&#8242;, 44&#8242;), no primeiro tempo;\u00a0Arnaldo Castillo (8&#8242;), no segundo tempo<\/p>\n<\/div>\n<div class=\"flex flex-col w-full font-normal text-[18px] leading-[30px] text-tw-theme-text-default\">\n<p id=\"paragrafo-6m6rsaho8h\"><b>Cart\u00f5es amarelos:<\/b>\u00a0Gabriel Xavier, Luciano Juba, Nico Acevedo, Ramos Mingo (Bahia);\u00a0Pavez Mu\u00f1oz,\u00a0Ogaz,\u00a0Juan Leiva,\u00a0Y\u00e1\u00f1ez (O\u2019Higgins)<\/p>\n<\/div>\n<div class=\"flex flex-col w-full font-normal text-[18px] leading-[30px] text-tw-theme-text-default\">\n<p id=\"paragrafo-y0btwe7s9o\"><b>P\u00fablico pagante:<\/b>\u00a045.689 pessoas<\/p>\n<\/div>\n<div class=\"flex flex-col w-full font-normal text-[18px] leading-[30px] text-tw-theme-text-default\">\n<p id=\"paragrafo-5i16tqe0q4\"><b>Renda:<\/b>\u00a0R$ 1.725.150,00<\/p>\n<\/div>\n<div class=\"flex flex-col w-full font-normal text-[18px] leading-[30px] text-tw-theme-text-default\">\n<p id=\"paragrafo-zjob9kpeab\"><b>\u00c1rbitro:\u00a0<\/b>Maximiliano Ram\u00edrez, auxiliado por\u00a0Cristian Navarro e Pablo Gonzalez (Trio da Argentina);<\/p>\n<\/div>\n<div class=\"flex flex-col w-full font-normal text-[18px] leading-[30px] text-tw-theme-text-default\">\n<p id=\"paragrafo-937pfa3e70\"><b>VAR:<\/b>\u00a0Silvio Trucco (ARG).<\/p>\n<\/div>\n","protected":false},"excerpt":{"rendered":"<p>Willian Jos\u00e9, duas vezes, marcou os gols do time tricolor no tempo normal, enquanto Castillo diminuiu Bahia x O&#8217;Higgins &#8211; 2\u00aa Fase da Copa Libertadores\u00a0Cr\u00e9dito: Let\u00edcia Martins\/EC Bahia As noites de Libertadores chegaram ao fim para o Bahia em 2026. A torcida atendeu ao recado e compareceu \u00e0 Arena Fonte Nova para apoiar o time\u00a0na [&hellip;]<\/p>\n","protected":false},"author":3,"featured_media":20443,"comment_status":"closed","ping_status":"closed","sticky":false,"template":"","format":"standard","meta":{"_links_to":"","_links_to_target":""},"categories":[1],"tags":[],"_links":{"self":[{"href":"https:\/\/www.correiodascidades.com.br\/v1\/wp-json\/wp\/v2\/posts\/20442"}],"collection":[{"href":"https:\/\/www.correiodascidades.com.br\/v1\/wp-json\/wp\/v2\/posts"}],"about":[{"href":"https:\/\/www.correiodascidades.com.br\/v1\/wp-json\/wp\/v2\/types\/post"}],"author":[{"embeddable":true,"href":"https:\/\/www.correiodascidades.com.br\/v1\/wp-json\/wp\/v2\/users\/3"}],"replies":[{"embeddable":true,"href":"https:\/\/www.correiodascidades.com.br\/v1\/wp-json\/wp\/v2\/comments?post=20442"}],"version-history":[{"count":1,"href":"https:\/\/www.correiodascidades.com.br\/v1\/wp-json\/wp\/v2\/posts\/20442\/revisions"}],"predecessor-version":[{"id":20444,"href":"https:\/\/www.correiodascidades.com.br\/v1\/wp-json\/wp\/v2\/posts\/20442\/revisions\/20444"}],"wp:featuredmedia":[{"embeddable":true,"href":"https:\/\/www.correiodascidades.com.br\/v1\/wp-json\/wp\/v2\/media\/20443"}],"wp:attachment":[{"href":"https:\/\/www.correiodascidades.com.br\/v1\/wp-json\/wp\/v2\/media?parent=20442"}],"wp:term":[{"taxonomy":"category","embeddable":true,"href":"https:\/\/www.correiodascidades.com.br\/v1\/wp-json\/wp\/v2\/categories?post=20442"},{"taxonomy":"post_tag","embeddable":true,"href":"https:\/\/www.correiodascidades.com.br\/v1\/wp-json\/wp\/v2\/tags?post=20442"}],"curies":[{"name":"wp","href":"https:\/\/api.w.org\/{rel}","templated":true}]}}