{"id":20445,"date":"2026-02-25T22:33:26","date_gmt":"2026-02-26T01:33:26","guid":{"rendered":"https:\/\/www.correiodascidades.com.br\/v1\/?p=20445"},"modified":"2026-02-25T22:33:26","modified_gmt":"2026-02-26T01:33:26","slug":"pesquisar-este-blog-brasil-parlamentares-protocolam-impeachmaco-contra-ministros-de-lula","status":"publish","type":"post","link":"https:\/\/www.correiodascidades.com.br\/v1\/2026\/02\/25\/pesquisar-este-blog-brasil-parlamentares-protocolam-impeachmaco-contra-ministros-de-lula\/","title":{"rendered":"Pesquisar este blog BRASIL: PARLAMENTARES PROTOCOLAM IMPEACHMA\u00c7O CONTRA MINISTROS DE LULA"},"content":{"rendered":"<div class=\"separator\">\n<div class=\"flex max-w-full flex-col grow\">\n<div class=\"min-h-8 text-message relative flex w-full flex-col items-end gap-2 text-start break-words whitespace-normal [.text-message+&amp;]:mt-1\" dir=\"auto\" data-message-author-role=\"assistant\" data-message-id=\"96d30b3a-832f-4ac6-a865-c7b02db5f966\" data-message-model-slug=\"gpt-5-2\">\n<div class=\"flex w-full flex-col gap-1 empty:hidden first:pt-[1px]\">\n<div class=\"markdown prose dark:prose-invert w-full wrap-break-word light markdown-new-styling\">\n<p data-end=\"442\" data-start=\"0\">\u00a0 \u00a0 \u00a0 \u00a0 \u00a0 \u00a0 \u00a0 \u00a0 \u00a0 \u00a0 \u00a0 \u00a0 \u00a0 \u00a0 \u00a0 \u00a0 \u00a0 \u00a0 \u00a0 \u00a0 \u00a0 \u00a0 \u00a0 \u00a0 \u00a0 \u00a0 \u00a0 \u00a0 \u00a0 \u00a0 \u00a0 \u00a0 \u00a0 \u00a0 \u00a0 \u00a0 \u00a0 \u00a0 \u00a0 \u00a0 \u00a0 \u00a0 \u00a0 \u00a0 \u00a0 \u00a0 \u00a0 \u00a0 \u00a0 \u00a0 \u00a0 \u00a0 \u00a0 \u00a0<img src=\"https:\/\/www.correiodascidades.com.br\/v1\/wp-content\/uploads\/2026\/02\/download-4.jpg\" \/><\/p>\n<p data-end=\"442\" data-start=\"0\">A deputada\u00a0<strong data-end=\"52\" data-start=\"11\">Carol De Toni<\/strong>\u00a0e parlamentares da oposi\u00e7\u00e3o protocolaram, nesta quarta-feira, pedidos de impeachment contra 16 ministros que integram o governo do presidente\u00a0<strong data-end=\"236\" data-start=\"195\">Luiz In\u00e1cio Lula da Silva<\/strong>. As solicita\u00e7\u00f5es foram apresentadas ao\u00a0<strong data-end=\"317\" data-start=\"276\">Supremo Tribunal Federal<\/strong> e fazem parte de uma a\u00e7\u00e3o articulada pela oposi\u00e7\u00e3o no Congresso Nacional, que passou a chamar a iniciativa de \u201cimpeachma\u00e7o\u201d.<\/p>\n<\/div>\n<\/div>\n<\/div>\n<\/div>\n<\/div>\n<p><!--more--><\/p>\n<div class=\"separator\">\n<div class=\"separator\"><a href=\"https:\/\/www.pensandodireita.com\/2026\/02\/video-paramentares-protocolam.html\"><img loading=\"lazy\" src=\"https:\/\/blogger.googleusercontent.com\/img\/b\/R29vZ2xl\/AVvXsEhCMELctN0-8HL-ORlt0lW2ENGnfQ_IkKA6iBEi-pWZjyyUmVjq8-xbJuYKmc94rqMrNH8SmWKbdcWqtkqGvbOhv9Unv0HUOQxkzh0oWOQmEXys-WPuYDgKv9zT_9d-s_bdQNskLCqhdLrvFpgO1O3o-A542hbqY96B4U8sxF8FpK_jlb6L_kAz9X0m\/s320\/1000187131.jpg\" width=\"320\" height=\"208\" border=\"0\" data-original-height=\"488\" data-original-width=\"750\" \/><\/a><\/div>\n<div class=\"separator\"><\/div>\n<div class=\"separator\">\n<p data-end=\"881\" data-start=\"444\">Entre os ministros citados nos pedidos est\u00e3o\u00a0<strong data-end=\"530\" data-start=\"489\">Fernando Haddad<\/strong>,\u00a0<strong data-end=\"573\" data-start=\"532\">Alexandre Padilha<\/strong>\u00a0e\u00a0<strong data-end=\"617\" data-start=\"576\">Jos\u00e9 M\u00facio<\/strong>, al\u00e9m de outros integrantes do primeiro escal\u00e3o do Executivo. A ofensiva pol\u00edtica ocorre em meio ao aumento da tens\u00e3o entre governo e oposi\u00e7\u00e3o, especialmente no que diz respeito \u00e0 fiscaliza\u00e7\u00e3o do uso de recursos p\u00fablicos e \u00e0 rela\u00e7\u00e3o do Planalto com o Legislativo.<\/p>\n<p data-end=\"1345\" data-start=\"883\">Segundo Carol De Toni, os pedidos de impeachment t\u00eam como fundamento a falta de respostas a requerimentos de informa\u00e7\u00e3o apresentados por deputados federais ao longo de 2024 e 2025. Ao todo, foram contabilizados 54 pedidos formais encaminhados a diferentes minist\u00e9rios, elaborados por mais de 20 parlamentares. As solicita\u00e7\u00f5es tratavam de temas relacionados \u00e0 aplica\u00e7\u00e3o de verbas p\u00fablicas, contratos, programas governamentais e crit\u00e9rios de execu\u00e7\u00e3o or\u00e7ament\u00e1ria.<\/p>\n<p data-end=\"1747\" data-start=\"1347\">De acordo com a deputada, a aus\u00eancia de resposta aos requerimentos representa uma afronta \u00e0s prerrogativas do Parlamento e compromete o papel fiscalizador dos deputados. A oposi\u00e7\u00e3o sustenta que os ministros t\u00eam obriga\u00e7\u00e3o legal de prestar esclarecimentos quando demandados pela C\u00e2mara dos Deputados e que o descumprimento reiterado dessas solicita\u00e7\u00f5es configura motivo para responsabiliza\u00e7\u00e3o pol\u00edtica.<\/p>\n<p data-end=\"2195\" data-start=\"1749\">A iniciativa coletiva busca dar peso pol\u00edtico \u00e0s den\u00fancias e pressionar as institui\u00e7\u00f5es a se posicionarem. Ao protocolar os pedidos de forma simult\u00e2nea e envolvendo diversos minist\u00e9rios, a oposi\u00e7\u00e3o tenta demonstrar que, na avalia\u00e7\u00e3o do grupo, n\u00e3o se trata de um epis\u00f3dio isolado, mas de uma conduta recorrente dentro do governo federal. O apelido \u201cimpeachma\u00e7o\u201d passou a ser utilizado justamente para refor\u00e7ar o car\u00e1ter amplo e coordenado da a\u00e7\u00e3o.<\/p>\n<div class=\"google-auto-placed ap_container\"><\/div>\n<\/div>\n<\/div>\n","protected":false},"excerpt":{"rendered":"<p>\u00a0 \u00a0 \u00a0 \u00a0 \u00a0 \u00a0 \u00a0 \u00a0 \u00a0 \u00a0 \u00a0 \u00a0 \u00a0 \u00a0 \u00a0 \u00a0 \u00a0 \u00a0 \u00a0 \u00a0 \u00a0 \u00a0 \u00a0 \u00a0 \u00a0 \u00a0 \u00a0 \u00a0 \u00a0 \u00a0 \u00a0 \u00a0 \u00a0 \u00a0 \u00a0 \u00a0 \u00a0 \u00a0 \u00a0 \u00a0 \u00a0 \u00a0 \u00a0 \u00a0 \u00a0 \u00a0 \u00a0 \u00a0 \u00a0 \u00a0 \u00a0 \u00a0 \u00a0 \u00a0 A [&hellip;]<\/p>\n","protected":false},"author":3,"featured_media":20446,"comment_status":"closed","ping_status":"closed","sticky":false,"template":"","format":"standard","meta":{"_links_to":"","_links_to_target":""},"categories":[1],"tags":[],"_links":{"self":[{"href":"https:\/\/www.correiodascidades.com.br\/v1\/wp-json\/wp\/v2\/posts\/20445"}],"collection":[{"href":"https:\/\/www.correiodascidades.com.br\/v1\/wp-json\/wp\/v2\/posts"}],"about":[{"href":"https:\/\/www.correiodascidades.com.br\/v1\/wp-json\/wp\/v2\/types\/post"}],"author":[{"embeddable":true,"href":"https:\/\/www.correiodascidades.com.br\/v1\/wp-json\/wp\/v2\/users\/3"}],"replies":[{"embeddable":true,"href":"https:\/\/www.correiodascidades.com.br\/v1\/wp-json\/wp\/v2\/comments?post=20445"}],"version-history":[{"count":1,"href":"https:\/\/www.correiodascidades.com.br\/v1\/wp-json\/wp\/v2\/posts\/20445\/revisions"}],"predecessor-version":[{"id":20447,"href":"https:\/\/www.correiodascidades.com.br\/v1\/wp-json\/wp\/v2\/posts\/20445\/revisions\/20447"}],"wp:featuredmedia":[{"embeddable":true,"href":"https:\/\/www.correiodascidades.com.br\/v1\/wp-json\/wp\/v2\/media\/20446"}],"wp:attachment":[{"href":"https:\/\/www.correiodascidades.com.br\/v1\/wp-json\/wp\/v2\/media?parent=20445"}],"wp:term":[{"taxonomy":"category","embeddable":true,"href":"https:\/\/www.correiodascidades.com.br\/v1\/wp-json\/wp\/v2\/categories?post=20445"},{"taxonomy":"post_tag","embeddable":true,"href":"https:\/\/www.correiodascidades.com.br\/v1\/wp-json\/wp\/v2\/tags?post=20445"}],"curies":[{"name":"wp","href":"https:\/\/api.w.org\/{rel}","templated":true}]}}