{"id":20451,"date":"2026-02-25T23:17:04","date_gmt":"2026-02-26T02:17:04","guid":{"rendered":"https:\/\/www.correiodascidades.com.br\/v1\/?p=20451"},"modified":"2026-02-25T23:17:04","modified_gmt":"2026-02-26T02:17:04","slug":"prefeitura-de-ilheus-faz-segunda-entrega-de-proteses-dentarias-de-2026","status":"publish","type":"post","link":"https:\/\/www.correiodascidades.com.br\/v1\/2026\/02\/25\/prefeitura-de-ilheus-faz-segunda-entrega-de-proteses-dentarias-de-2026\/","title":{"rendered":"Prefeitura de Ilh\u00e9us faz segunda entrega de pr\u00f3teses dent\u00e1rias de 2026"},"content":{"rendered":"<div class=\"entry-header blog-entry-header has-meta share-right\">\n<h1 class=\"entry-title\"><\/h1>\n<div class=\"entry-meta\"><a href=\"https:\/\/blogger.googleusercontent.com\/img\/b\/R29vZ2xl\/AVvXsEh7zYY0fNjuubkzYT14eeCmUkWv5-79g1MX0GWF6LrUMOuMadI8jCU0Zus6vrMh1Msc-ZM6Hn-p9xarxux6xkcaleff0KT8zxo74hklyKSBvdh_q5rj6xcDgfLWkQg9tAsTpjjqYEFgxGN1Rin4WlEebBYGpSesnmww_8Zd4LUpPai5LNRQ3-Pz-srVRMT0\/s1600\/PHOTO-2026-02-24-12-17-56.jpg\" class=\"gallery_colorbox\">\u00a0 \u00a0 \u00a0 \u00a0 \u00a0 \u00a0 <img loading=\"lazy\" class=\"\" src=\"https:\/\/blogger.googleusercontent.com\/img\/b\/R29vZ2xl\/AVvXsEh7zYY0fNjuubkzYT14eeCmUkWv5-79g1MX0GWF6LrUMOuMadI8jCU0Zus6vrMh1Msc-ZM6Hn-p9xarxux6xkcaleff0KT8zxo74hklyKSBvdh_q5rj6xcDgfLWkQg9tAsTpjjqYEFgxGN1Rin4WlEebBYGpSesnmww_8Zd4LUpPai5LNRQ3-Pz-srVRMT0\/w640-h480\/PHOTO-2026-02-24-12-17-56.jpg\"  width=\"573\" height=\"430\" border=\"0\" data-original-height=\"1200\" data-original-width=\"1600\" \/><\/a><\/div>\n<\/div>\n<div id=\"post-body\" class=\"post-body entry-content\">\n<div><b>Com descentraliza\u00e7\u00e3o para os distritos e meta de ampliar atendimentos, unidade j\u00e1 soma 120 pr\u00f3teses entregues apenas nos dois primeiros meses do ano<\/b><\/div>\n<div>Nesta ter\u00e7a-feira (24), a Prefeitura de Ilh\u00e9us, por meio da Secretaria Municipal de Sa\u00fade, realizou no Centro de Especialidades Odontol\u00f3gicas Napole\u00e3o Marques (CEO) a segunda entrega de pr\u00f3teses dent\u00e1rias de 2026, beneficiando mais 60 pacientes. Somando as entregas de janeiro e fevereiro, j\u00e1 s\u00e3o 120 pr\u00f3teses disponibilizadas gratuitamente \u00e0 popula\u00e7\u00e3o nesses dois primeiros meses do ano.<\/div>\n<\/div>\n<p><!--more--><\/p>\n<div>Entre os beneficiados est\u00e1 a dona de casa Claudemira Maria de Jesus Oliveira, moradora do bairro Nelson Costa. Pela primeira vez recebendo uma pr\u00f3tese dent\u00e1ria gratuita, ela comemorou o atendimento. \u201cAchei \u00f3timo, uma coisa boa. Nem todo mundo tem condi\u00e7\u00f5es de pagar por uma pr\u00f3tese dent\u00e1ria\u201d, destacou.<\/div>\n<div><\/div>\n<div>O aut\u00f4nomo Jos\u00e9 Domingos Souza Nascimento tamb\u00e9m saiu satisfeito. Ele elogiou o trabalho da equipe e celebrou o resultado. \u201cFicou bom, agora estou de sorriso novo\u201d, afirmou.<\/div>\n<div><\/div>\n<div>De acordo com a coordenadora do CEO, Gabriela Grij\u00f3, a unidade mant\u00e9m a m\u00e9dia de 60 pr\u00f3teses entregues por m\u00eas. \u201cEm janeiro j\u00e1 entregamos 60 pr\u00f3teses, agora em fevereiro mais 60, e a gente pretende continuar nesse ritmo\u201d, explicou.<\/div>\n<div><\/div>\n<div>A coordenadora adiantou que 63 novas moldagens j\u00e1 foram realizadas nesta semana para a pr\u00f3xima entrega, prevista para mar\u00e7o. Al\u00e9m disso, o servi\u00e7o ser\u00e1 levado ao distrito de Castelo Novo, com a proposta de incluir tamb\u00e9m moradores de Banco do Pedro, ampliando o alcance da a\u00e7\u00e3o.<\/div>\n<div><\/div>\n<div>A descentraliza\u00e7\u00e3o do atendimento tem sido uma das estrat\u00e9gias da gest\u00e3o municipal, atendendo \u00e0 orienta\u00e7\u00e3o do prefeito Valderico Junior de alternar as etapas entre a sede e os distritos. A iniciativa j\u00e1 contemplou localidades como Santo Ant\u00f4nio, Couto e Sambaituba, aproximando o servi\u00e7o das comunidades mais distantes.<\/div>\n<div><\/div>\n<div>\n<div class=\"separator\"><a href=\"https:\/\/blogger.googleusercontent.com\/img\/b\/R29vZ2xl\/AVvXsEjGXVDt4j9uVm45jqr8TYPWj0h23wHivYDjCvzaLV59aSwU3vzJBlUfKqq2JedCkHclbMCv2zKIPvSZ1H2TfhYYojXxMlaGRAB9YG7TIKPbb1jrl0prs7yOK6fFt5Gt8wW4lZJhxU54rFeAODR4U0Wdh2_PuQpl_Q-OSrlreoSBHWBBIhKlrCcjb3tH45j9\/s1600\/PHOTO-2026-02-24-12-17-55.jpg\" class=\"gallery_colorbox\"><img loading=\"lazy\" src=\"https:\/\/blogger.googleusercontent.com\/img\/b\/R29vZ2xl\/AVvXsEjGXVDt4j9uVm45jqr8TYPWj0h23wHivYDjCvzaLV59aSwU3vzJBlUfKqq2JedCkHclbMCv2zKIPvSZ1H2TfhYYojXxMlaGRAB9YG7TIKPbb1jrl0prs7yOK6fFt5Gt8wW4lZJhxU54rFeAODR4U0Wdh2_PuQpl_Q-OSrlreoSBHWBBIhKlrCcjb3tH45j9\/w400-h300\/PHOTO-2026-02-24-12-17-55.jpg\"  width=\"400\" height=\"300\" border=\"0\" data-original-height=\"1200\" data-original-width=\"1600\" \/><\/a><\/div>\n<\/div>\n<div>A Coordenadora de Sa\u00fade Bucal do munic\u00edpio, Louise Tain\u00e1, explicou que a meta para 2026 \u00e9 ainda mais ousada. Em 2025, o munic\u00edpio alcan\u00e7ou a marca de 750 pr\u00f3teses entregues. Agora, a equipe pleiteia junto ao Minist\u00e9rio da Sa\u00fade a amplia\u00e7\u00e3o da faixa de atendimento, o que poder\u00e1 elevar a capacidade mensal de 60 para at\u00e9 80 pr\u00f3teses. Caso seja aprovado, o munic\u00edpio poder\u00e1 ultrapassar a marca de 750 pr\u00f3teses entregues em um \u00fanico ano.<\/div>\n<div><\/div>\n<div>\u201c\u00c9 uma satisfa\u00e7\u00e3o enorme continuar proporcionando novos sorrisos \u00e0 popula\u00e7\u00e3o, especialmente \u00e0queles que mais precisam e aos moradores dos distritos. Seguimos firmes, trabalhando para ampliar ainda mais esse atendimento\u201d, refor\u00e7ou a coordenadora.<\/div>\n","protected":false},"excerpt":{"rendered":"<p>\u00a0 \u00a0 \u00a0 \u00a0 \u00a0 \u00a0 Com descentraliza\u00e7\u00e3o para os distritos e meta de ampliar atendimentos, unidade j\u00e1 soma 120 pr\u00f3teses entregues apenas nos dois primeiros meses do ano Nesta ter\u00e7a-feira (24), a Prefeitura de Ilh\u00e9us, por meio da Secretaria Municipal de Sa\u00fade, realizou no Centro de Especialidades Odontol\u00f3gicas Napole\u00e3o Marques (CEO) a segunda entrega [&hellip;]<\/p>\n","protected":false},"author":3,"featured_media":20452,"comment_status":"closed","ping_status":"closed","sticky":false,"template":"","format":"standard","meta":{"_links_to":"","_links_to_target":""},"categories":[1],"tags":[],"_links":{"self":[{"href":"https:\/\/www.correiodascidades.com.br\/v1\/wp-json\/wp\/v2\/posts\/20451"}],"collection":[{"href":"https:\/\/www.correiodascidades.com.br\/v1\/wp-json\/wp\/v2\/posts"}],"about":[{"href":"https:\/\/www.correiodascidades.com.br\/v1\/wp-json\/wp\/v2\/types\/post"}],"author":[{"embeddable":true,"href":"https:\/\/www.correiodascidades.com.br\/v1\/wp-json\/wp\/v2\/users\/3"}],"replies":[{"embeddable":true,"href":"https:\/\/www.correiodascidades.com.br\/v1\/wp-json\/wp\/v2\/comments?post=20451"}],"version-history":[{"count":1,"href":"https:\/\/www.correiodascidades.com.br\/v1\/wp-json\/wp\/v2\/posts\/20451\/revisions"}],"predecessor-version":[{"id":20453,"href":"https:\/\/www.correiodascidades.com.br\/v1\/wp-json\/wp\/v2\/posts\/20451\/revisions\/20453"}],"wp:featuredmedia":[{"embeddable":true,"href":"https:\/\/www.correiodascidades.com.br\/v1\/wp-json\/wp\/v2\/media\/20452"}],"wp:attachment":[{"href":"https:\/\/www.correiodascidades.com.br\/v1\/wp-json\/wp\/v2\/media?parent=20451"}],"wp:term":[{"taxonomy":"category","embeddable":true,"href":"https:\/\/www.correiodascidades.com.br\/v1\/wp-json\/wp\/v2\/categories?post=20451"},{"taxonomy":"post_tag","embeddable":true,"href":"https:\/\/www.correiodascidades.com.br\/v1\/wp-json\/wp\/v2\/tags?post=20451"}],"curies":[{"name":"wp","href":"https:\/\/api.w.org\/{rel}","templated":true}]}}