{"id":20454,"date":"2026-02-25T23:20:45","date_gmt":"2026-02-26T02:20:45","guid":{"rendered":"https:\/\/www.correiodascidades.com.br\/v1\/?p=20454"},"modified":"2026-02-25T23:20:45","modified_gmt":"2026-02-26T02:20:45","slug":"vereador-mauricio-galvao-denuncia-infestacao-de-fezes-de-pombos-no-colegio-ime","status":"publish","type":"post","link":"https:\/\/www.correiodascidades.com.br\/v1\/2026\/02\/25\/vereador-mauricio-galvao-denuncia-infestacao-de-fezes-de-pombos-no-colegio-ime\/","title":{"rendered":"Vereador Maur\u00edcio Galv\u00e3o denuncia infesta\u00e7\u00e3o de fezes de pombos no col\u00e9gio IME"},"content":{"rendered":"<p><img src=\"https:\/\/www.correiodascidades.com.br\/v1\/wp-content\/uploads\/2026\/02\/797a9977-9a79-4814-bcae-055ba9b3e98a.jpg\" \/><\/p>\n<p>Uma situa\u00e7\u00e3o alarmante foi denunciada pelo vereador Maur\u00edcio Galv\u00e3o nesta quarta-feira (25), ap\u00f3s fiscaliza\u00e7\u00e3o no Instituto Municipal de Ensino (IME), em Ilh\u00e9us: um ambiente tomado por fezes de pombos dentro da unidade escolar, colocando em risco direto a sa\u00fade de alunos, professores e funcion\u00e1rios.<\/p>\n<p>Durante a visita, o parlamentar encontrou o audit\u00f3rio da escola, que estava fechado, em condi\u00e7\u00f5es insalubres, com grande ac\u00famulo de dejetos, ninhos e ovos das aves. O agravante \u00e9 que o espa\u00e7o vem sendo utilizado para armazenar livros que ser\u00e3o distribu\u00eddos aos estudantes, o que levanta preocupa\u00e7\u00e3o sobre poss\u00edvel contamina\u00e7\u00e3o do material. Vest\u00edgios das aves tamb\u00e9m foram identificados em outros pontos da escola.<!--more--><\/p>\n<p>Para o vereador, o cen\u00e1rio \u00e9 grave e inaceit\u00e1vel. \u201cEstamos falando de crian\u00e7as e adolescentes correndo risco de contamina\u00e7\u00e3o. Isso n\u00e3o \u00e9 apenas falta de manuten\u00e7\u00e3o, \u00e9 um risco \u00e0 vida e \u00e0 sa\u00fade de todos que frequentam essa escola. \u00c9 um retrato de abandono e descaso com a educa\u00e7\u00e3o e com as pessoas\u201d, afirmou Maur\u00edcio Galv\u00e3o.<\/p>\n<p>Al\u00e9m da infesta\u00e7\u00e3o, Maur\u00edcio Galv\u00e3o relatou problemas estruturais na unidade, como mobili\u00e1rio quebrado, salas sem portas, ventiladores e aparelhos de ar-condicionado sem funcionamento, infiltra\u00e7\u00f5es nas paredes, salas afetadas por alagamentos e falta de merenda escolar.<\/p>\n<p>Diante da gravidade da situa\u00e7\u00e3o, o vereador informou que ir\u00e1 formalizar pedidos de interven\u00e7\u00e3o imediata junto \u00e0 Secretaria Municipal de Educa\u00e7\u00e3o e \u00e0 Vigil\u00e2ncia Sanit\u00e1ria, solicitando provid\u00eancias urgentes para garantir um ambiente seguro e digno.<\/p>\n<p>As fezes de pombos liberam no ar part\u00edculas microsc\u00f3picas contaminadas por fungos e bact\u00e9rias. Quando inaladas, essas part\u00edculas podem provocar infec\u00e7\u00f5es respirat\u00f3rias e, em quadros mais graves, atingir o sistema nervoso central. Entre as doen\u00e7as associadas est\u00e3o criptococose, que pode comprometer pulm\u00f5es e c\u00e9rebro, al\u00e9m de toxoplasmose, salmonelose, dermatites e crises al\u00e9rgicas. Em situa\u00e7\u00f5es mais severas, a infec\u00e7\u00e3o pode evoluir para meningite.<\/p>\n","protected":false},"excerpt":{"rendered":"<p>Uma situa\u00e7\u00e3o alarmante foi denunciada pelo vereador Maur\u00edcio Galv\u00e3o nesta quarta-feira (25), ap\u00f3s fiscaliza\u00e7\u00e3o no Instituto Municipal de Ensino (IME), em Ilh\u00e9us: um ambiente tomado por fezes de pombos dentro da unidade escolar, colocando em risco direto a sa\u00fade de alunos, professores e funcion\u00e1rios. Durante a visita, o parlamentar encontrou o audit\u00f3rio da escola, que [&hellip;]<\/p>\n","protected":false},"author":3,"featured_media":20455,"comment_status":"closed","ping_status":"closed","sticky":false,"template":"","format":"standard","meta":{"_links_to":"","_links_to_target":""},"categories":[1],"tags":[],"_links":{"self":[{"href":"https:\/\/www.correiodascidades.com.br\/v1\/wp-json\/wp\/v2\/posts\/20454"}],"collection":[{"href":"https:\/\/www.correiodascidades.com.br\/v1\/wp-json\/wp\/v2\/posts"}],"about":[{"href":"https:\/\/www.correiodascidades.com.br\/v1\/wp-json\/wp\/v2\/types\/post"}],"author":[{"embeddable":true,"href":"https:\/\/www.correiodascidades.com.br\/v1\/wp-json\/wp\/v2\/users\/3"}],"replies":[{"embeddable":true,"href":"https:\/\/www.correiodascidades.com.br\/v1\/wp-json\/wp\/v2\/comments?post=20454"}],"version-history":[{"count":1,"href":"https:\/\/www.correiodascidades.com.br\/v1\/wp-json\/wp\/v2\/posts\/20454\/revisions"}],"predecessor-version":[{"id":20456,"href":"https:\/\/www.correiodascidades.com.br\/v1\/wp-json\/wp\/v2\/posts\/20454\/revisions\/20456"}],"wp:featuredmedia":[{"embeddable":true,"href":"https:\/\/www.correiodascidades.com.br\/v1\/wp-json\/wp\/v2\/media\/20455"}],"wp:attachment":[{"href":"https:\/\/www.correiodascidades.com.br\/v1\/wp-json\/wp\/v2\/media?parent=20454"}],"wp:term":[{"taxonomy":"category","embeddable":true,"href":"https:\/\/www.correiodascidades.com.br\/v1\/wp-json\/wp\/v2\/categories?post=20454"},{"taxonomy":"post_tag","embeddable":true,"href":"https:\/\/www.correiodascidades.com.br\/v1\/wp-json\/wp\/v2\/tags?post=20454"}],"curies":[{"name":"wp","href":"https:\/\/api.w.org\/{rel}","templated":true}]}}