{"id":20457,"date":"2026-02-26T07:36:12","date_gmt":"2026-02-26T10:36:12","guid":{"rendered":"https:\/\/www.correiodascidades.com.br\/v1\/?p=20457"},"modified":"2026-02-26T07:36:12","modified_gmt":"2026-02-26T10:36:12","slug":"everton-ribeiro-admite-culpa-por-penalti-e-explica-jeito-de-bater","status":"publish","type":"post","link":"https:\/\/www.correiodascidades.com.br\/v1\/2026\/02\/26\/everton-ribeiro-admite-culpa-por-penalti-e-explica-jeito-de-bater\/","title":{"rendered":"Everton Ribeiro admite culpa por p\u00eanalti e explica &#8220;jeito de bater&#8221;"},"content":{"rendered":"<p><img src=\"https:\/\/www.correiodascidades.com.br\/v1\/wp-content\/uploads\/2026\/02\/everton-ribeiro-admite-culpa-por-penalti-e-explica0138093800202602252314-ScaleDownProportional-_1_.jpeg\" \/><\/p>\n<p><a href=\"https:\/\/atarde.com.br\/esportes\/ecbahia\" target=\"_blank\" rel=\"noopener\" data-rel-defined=\"\">A elimina\u00e7\u00e3o do Bahia na segunda fase da Copa Libertadores<\/a>\u00a0deixou um clima de abatimento no elenco tricolor. Ap\u00f3s o empate que levou a decis\u00e3o para os p\u00eanaltis diante do O\u2019Higgins, na Arena Fonte Nova, o capit\u00e3o Everton Ribeiro destacou a tristeza do grupo e\u00a0admitiu a culpa pelo p\u00eanalti decisivo perdido.<\/p>\n<p>\u201c\u00c9 um momento de muita tristeza, est\u00e1 todo mundo cabisbaixo, pouca conversa. \u00c0s vezes faltam palavras para um jogo que a gente jogou bem, mas infelizmente n\u00e3o conseguimos mat\u00e1-lo e foi para os p\u00eanaltis\u201d, afirmou o jogador ap\u00f3s o resultado. <!--more--><\/p>\n<section class=\"atr-ctaWhatsApp\">\n<div>Tudo sobre\u00a0<strong class=\"atr-ctaWhatsApp-strong\">Esportes<\/strong>\u00a0em primeira m\u00e3o!<\/div>\n<div><a href=\"https:\/\/whatsapp.com\/channel\/0029Va5p1Fx8V0tiGjOMVH0C\" target=\"_blank\" rel=\"noopener noreferrer\"><strong>Entre no canal do WhatsApp<\/strong><\/a>.<\/div>\n<\/section>\n<p>Everton tamb\u00e9m comentou a cobran\u00e7a decisiva desperdi\u00e7ada na disputa por penalidades e assumiu a responsabilidade pelo lance.<\/p>\n<div id=\"denakop-intext-2\" class=\"intext_desktop\" data-google-query-id=\"CMCH3qP69pIDFbEGuQYdsmIVMQ\">\n<div id=\"google_ads_iframe_\/21715141650,22666819895\/atarde.com.br\/post_intext_2_0__container__\">&#8220;Fui infeliz ali na cobran\u00e7a, \u00e9 o meu jeito de bater, n\u00e3o consegui deslocar o goleiro e ele foi bem, me atrapalhou bastante, mas agora \u00e9 seguir em frente&#8221;, disse.<\/div>\n<\/div>\n<p>&#8220;Jogar em time grande, camisa pesada, a cobran\u00e7a sempre \u00e9 grande. Quando vem uma elimina\u00e7\u00e3o em um jogo que criamos espectativa, \u00e9 normal (a cobran\u00e7a). N\u00e3o podemos abaixar a cabe\u00e7a, porque vai ser pior, \u00e9 trabalhar quieto para que os triunfos voltem e a gente possa melhorar&#8221;, completou.<\/p>\n<p>Apesar da frustra\u00e7\u00e3o, Rog\u00e9rio Ceni pregou resili\u00eancia para a sequ\u00eancia da temporada e pediu postura firme do elenco. \u201cN\u00e3o podemos abaixar a cabe\u00e7a, porque vai ser pior. \u00c9 trabalhar quieto para que os triunfos voltem e a gente possa melhorar\u201d, completou.<\/p>\n<p>Com a elimina\u00e7\u00e3o, o Bahia se despede da Libertadores e encerra sua participa\u00e7\u00e3o em competi\u00e7\u00f5es internacionais na temporada<\/p>\n","protected":false},"excerpt":{"rendered":"<p>A elimina\u00e7\u00e3o do Bahia na segunda fase da Copa Libertadores\u00a0deixou um clima de abatimento no elenco tricolor. Ap\u00f3s o empate que levou a decis\u00e3o para os p\u00eanaltis diante do O\u2019Higgins, na Arena Fonte Nova, o capit\u00e3o Everton Ribeiro destacou a tristeza do grupo e\u00a0admitiu a culpa pelo p\u00eanalti decisivo perdido. \u201c\u00c9 um momento de muita [&hellip;]<\/p>\n","protected":false},"author":3,"featured_media":20458,"comment_status":"closed","ping_status":"closed","sticky":false,"template":"","format":"standard","meta":{"_links_to":"","_links_to_target":""},"categories":[1],"tags":[],"_links":{"self":[{"href":"https:\/\/www.correiodascidades.com.br\/v1\/wp-json\/wp\/v2\/posts\/20457"}],"collection":[{"href":"https:\/\/www.correiodascidades.com.br\/v1\/wp-json\/wp\/v2\/posts"}],"about":[{"href":"https:\/\/www.correiodascidades.com.br\/v1\/wp-json\/wp\/v2\/types\/post"}],"author":[{"embeddable":true,"href":"https:\/\/www.correiodascidades.com.br\/v1\/wp-json\/wp\/v2\/users\/3"}],"replies":[{"embeddable":true,"href":"https:\/\/www.correiodascidades.com.br\/v1\/wp-json\/wp\/v2\/comments?post=20457"}],"version-history":[{"count":1,"href":"https:\/\/www.correiodascidades.com.br\/v1\/wp-json\/wp\/v2\/posts\/20457\/revisions"}],"predecessor-version":[{"id":20459,"href":"https:\/\/www.correiodascidades.com.br\/v1\/wp-json\/wp\/v2\/posts\/20457\/revisions\/20459"}],"wp:featuredmedia":[{"embeddable":true,"href":"https:\/\/www.correiodascidades.com.br\/v1\/wp-json\/wp\/v2\/media\/20458"}],"wp:attachment":[{"href":"https:\/\/www.correiodascidades.com.br\/v1\/wp-json\/wp\/v2\/media?parent=20457"}],"wp:term":[{"taxonomy":"category","embeddable":true,"href":"https:\/\/www.correiodascidades.com.br\/v1\/wp-json\/wp\/v2\/categories?post=20457"},{"taxonomy":"post_tag","embeddable":true,"href":"https:\/\/www.correiodascidades.com.br\/v1\/wp-json\/wp\/v2\/tags?post=20457"}],"curies":[{"name":"wp","href":"https:\/\/api.w.org\/{rel}","templated":true}]}}