{"id":20460,"date":"2026-02-26T07:39:01","date_gmt":"2026-02-26T10:39:01","guid":{"rendered":"https:\/\/www.correiodascidades.com.br\/v1\/?p=20460"},"modified":"2026-02-26T07:39:01","modified_gmt":"2026-02-26T10:39:01","slug":"camara-aprova-pl-antifaccao-com-endurecimento-de-penas-e-barra-taxacao-de-bets-texto-segue-para-sancao","status":"publish","type":"post","link":"https:\/\/www.correiodascidades.com.br\/v1\/2026\/02\/26\/camara-aprova-pl-antifaccao-com-endurecimento-de-penas-e-barra-taxacao-de-bets-texto-segue-para-sancao\/","title":{"rendered":"C\u00e2mara aprova PL Antifac\u00e7\u00e3o com endurecimento de penas e barra taxa\u00e7\u00e3o de bets; texto segue para san\u00e7\u00e3o"},"content":{"rendered":"<p>&nbsp;<\/p>\n<div id=\"post-body-4989719362812976819\" class=\"post-body entry-content\">\n<p>&nbsp;<\/p>\n<div class=\"separator\"><a href=\"https:\/\/blogger.googleusercontent.com\/img\/a\/AVvXsEgD9Cgc6fDQGj3Hk7Y43C_pToV9j6Y_wMTs6_Tak1FpzL_uPlOPQNjUJUBkk8erOEAWpPnt99_VHOn8g8VVanwNdRBD3M5gznYw5-VCaENCYw97qMiInq9UQGGAxFfsJERbv8u6_rH2M1HxkRtd5MLscfwMfl2QvfqsufIU4h4O727lUZE7y5ur7j00gDs\">\u00a0 \u00a0 \u00a0 \u00a0 \u00a0 \u00a0 \u00a0 \u00a0 \u00a0 \u00a0 \u00a0 \u00a0 \u00a0 \u00a0 \u00a0 \u00a0 \u00a0 \u00a0 \u00a0 \u00a0 \u00a0 \u00a0 \u00a0 \u00a0 \u00a0 \u00a0 \u00a0 \u00a0 \u00a0 \u00a0 \u00a0 \u00a0 \u00a0 <img loading=\"lazy\" src=\"https:\/\/blogger.googleusercontent.com\/img\/a\/AVvXsEgD9Cgc6fDQGj3Hk7Y43C_pToV9j6Y_wMTs6_Tak1FpzL_uPlOPQNjUJUBkk8erOEAWpPnt99_VHOn8g8VVanwNdRBD3M5gznYw5-VCaENCYw97qMiInq9UQGGAxFfsJERbv8u6_rH2M1HxkRtd5MLscfwMfl2QvfqsufIU4h4O727lUZE7y5ur7j00gDs=w579-h385\" alt=\"\" width=\"579\" height=\"385\" data-original-height=\"592\" data-original-width=\"888\" \/><\/a><\/div>\n<p>&nbsp;<\/p>\n<p>Ap\u00f3s acordo com o governo, a C\u00e2mara aprovou nesta ter\u00e7a-feira, em vota\u00e7\u00e3o simb\u00f3lica, o projeto de lei Antifac\u00e7\u00e3o, que endurece o combate ao crime organizado. Durante a tramita\u00e7\u00e3o, o texto sofreu altera\u00e7\u00f5es pela oposi\u00e7\u00e3o e chegou a ser reformulado pelo Senado, mas os deputados deram a palavra final.<\/p>\n<p>as para os crimes cometidos por fac\u00e7\u00f5es, com penas de at\u00e9 40 anos de pris\u00e3o, e determina a cria\u00e7\u00e3o de novos instrumentos para combater as fac\u00e7\u00f5es, como a cria\u00e7\u00e3o de um banco de dados com a identifica\u00e7\u00e3o de todos os grupos.<\/p>\n<\/div>\n<p><!--more--><\/p>\n<p>A proposi\u00e7\u00e3o original, formulada pelo Pal\u00e1cio do Planalto, serviu para que ambos os campos pol\u00edticos se posicionassem no cen\u00e1rio pr\u00e9-eleitoral. Ao final, governistas apoiaram a reda\u00e7\u00e3o do advers\u00e1rio Guilherme Derrite (PP-SP), relator que se licenciou da Secretaria de Seguran\u00e7a de S\u00e3o Paulo para tocar o tema.<\/p>\n<p>A proposta amplia penas, refor\u00e7a mecanismos de pris\u00e3o e investiga\u00e7\u00e3o e restabelece instrumentos voltados \u00e0 asfixia financeira das fac\u00e7\u00f5es criminosas. Em plen\u00e1rio, parlamentares tamb\u00e9m enterraram trecho elaborado por senadores que criava um novo imposto para financiar a \u00e1rea de Seguran\u00e7a com a taxa\u00e7\u00e3o de casas de apostas.<\/p>\n<p>A previs\u00e3o para a chamada CIDE-Bets era que R$ 30 bilh\u00f5es fossem arrecadados. O PL Antifac\u00e7\u00e3o traz penas mais duras.<\/p>\n<p>Na Casa vizinha, parlamentares haviam simplificado a tipifica\u00e7\u00e3o penal e limitado parte das medidas cautelares previstas na proposta. A vers\u00e3o aprovada preserva algumas inova\u00e7\u00f5es institucionais e mecanismos de financiamento \u00e0 \u00e1rea de Seguran\u00e7a introduzidos pelo Senado.<\/p>\n<p>O presidente da C\u00e2mara, Hugo Motta (Republicanos-PB), afirmou que o texto foi consolidado a partir de acordo com o Pal\u00e1cio do Planalto e contou com aval do governo para vota\u00e7\u00e3o.<\/p>\n<p>\u2014 Depois de uma longa discuss\u00e3o, tanto aqui na C\u00e2mara como no Senado Federal, foi poss\u00edvel chegar a um entendimento com a equipe t\u00e9cnica do governo, liderada pelo ministro da Justi\u00e7a, Wellington C\u00e9sar, que conduziu di\u00e1logo com o relator. Constru\u00edmos um texto que p\u00f4de ser votado sem amplas diverg\u00eancias \u2014 afirmou Motta.<\/p>\n","protected":false},"excerpt":{"rendered":"<p>&nbsp; &nbsp; \u00a0 \u00a0 \u00a0 \u00a0 \u00a0 \u00a0 \u00a0 \u00a0 \u00a0 \u00a0 \u00a0 \u00a0 \u00a0 \u00a0 \u00a0 \u00a0 \u00a0 \u00a0 \u00a0 \u00a0 \u00a0 \u00a0 \u00a0 \u00a0 \u00a0 \u00a0 \u00a0 \u00a0 \u00a0 \u00a0 \u00a0 \u00a0 \u00a0 &nbsp; Ap\u00f3s acordo com o governo, a C\u00e2mara aprovou nesta ter\u00e7a-feira, em vota\u00e7\u00e3o simb\u00f3lica, o projeto de lei Antifac\u00e7\u00e3o, que [&hellip;]<\/p>\n","protected":false},"author":3,"featured_media":20461,"comment_status":"closed","ping_status":"closed","sticky":false,"template":"","format":"standard","meta":{"_links_to":"","_links_to_target":""},"categories":[1],"tags":[],"_links":{"self":[{"href":"https:\/\/www.correiodascidades.com.br\/v1\/wp-json\/wp\/v2\/posts\/20460"}],"collection":[{"href":"https:\/\/www.correiodascidades.com.br\/v1\/wp-json\/wp\/v2\/posts"}],"about":[{"href":"https:\/\/www.correiodascidades.com.br\/v1\/wp-json\/wp\/v2\/types\/post"}],"author":[{"embeddable":true,"href":"https:\/\/www.correiodascidades.com.br\/v1\/wp-json\/wp\/v2\/users\/3"}],"replies":[{"embeddable":true,"href":"https:\/\/www.correiodascidades.com.br\/v1\/wp-json\/wp\/v2\/comments?post=20460"}],"version-history":[{"count":1,"href":"https:\/\/www.correiodascidades.com.br\/v1\/wp-json\/wp\/v2\/posts\/20460\/revisions"}],"predecessor-version":[{"id":20462,"href":"https:\/\/www.correiodascidades.com.br\/v1\/wp-json\/wp\/v2\/posts\/20460\/revisions\/20462"}],"wp:featuredmedia":[{"embeddable":true,"href":"https:\/\/www.correiodascidades.com.br\/v1\/wp-json\/wp\/v2\/media\/20461"}],"wp:attachment":[{"href":"https:\/\/www.correiodascidades.com.br\/v1\/wp-json\/wp\/v2\/media?parent=20460"}],"wp:term":[{"taxonomy":"category","embeddable":true,"href":"https:\/\/www.correiodascidades.com.br\/v1\/wp-json\/wp\/v2\/categories?post=20460"},{"taxonomy":"post_tag","embeddable":true,"href":"https:\/\/www.correiodascidades.com.br\/v1\/wp-json\/wp\/v2\/tags?post=20460"}],"curies":[{"name":"wp","href":"https:\/\/api.w.org\/{rel}","templated":true}]}}