{"id":20467,"date":"2026-02-26T13:45:21","date_gmt":"2026-02-26T16:45:21","guid":{"rendered":"https:\/\/www.correiodascidades.com.br\/v1\/?p=20467"},"modified":"2026-02-26T22:36:31","modified_gmt":"2026-02-27T01:36:31","slug":"ilheus-colisao-de-carros-na-rodovia-ilheus-itabuna","status":"publish","type":"post","link":"https:\/\/www.correiodascidades.com.br\/v1\/2026\/02\/26\/ilheus-colisao-de-carros-na-rodovia-ilheus-itabuna\/","title":{"rendered":"ILH\u00c9US: Colis\u00e3o de Carros na Rodovia Ilh\u00e9us \/ Itabuna"},"content":{"rendered":"<p><img src=\"https:\/\/www.correiodascidades.com.br\/v1\/wp-content\/uploads\/2026\/02\/023fbc8f-0556-4764-8275-be430e67f60b.jpg\" \/><\/p>\n<p>Na manh\u00e3 desta quinta-feira(26), dois carros bateram no Bairro Salobrinho entrada para a Ceplac. O corrido teve uma v\u00edtima, Ant\u00f4nio Marcus G\u00f3es de Jesus \u2013 popular Z\u00e9 Veio, ele foi atingido com uma pancada no peito.<\/p>\n<p>De acordo Z\u00e9 Veio, o mesmo estava seguindo sentido a cidade de Itabuna, quando de repente na altura do quilometro quatorze quando aconteceu o sinistro na travessa de entrada para a Ceplac, um cidad\u00e3o com um carro atravessou a pista e o acertou em cheio. A batida foi violenta e o motorista do carro &#8211; Z\u00e9 veio levou uma pancada no peito e foi direcionado para o Hospital Costa do Cacau, pois, o mesmo acusava est\u00e1 sentindo fortes dores no peito.<\/p>\n<p><img loading=\"lazy\" class=\"alignnone size-medium wp-image-20469\" src=\"https:\/\/www.correiodascidades.com.br\/v1\/wp-content\/uploads\/2026\/02\/b5eff85f-e3e8-460f-ab21-d6695c3dcb72.jpg-Carro-300x169.jpg\" alt=\"\" width=\"300\" height=\"169\" srcset=\"https:\/\/www.correiodascidades.com.br\/v1\/wp-content\/uploads\/2026\/02\/b5eff85f-e3e8-460f-ab21-d6695c3dcb72.jpg-Carro-300x169.jpg 300w, https:\/\/www.correiodascidades.com.br\/v1\/wp-content\/uploads\/2026\/02\/b5eff85f-e3e8-460f-ab21-d6695c3dcb72.jpg-Carro.jpg 600w\" sizes=\"(max-width: 300px) 100vw, 300px\" \/><\/p>\n<p>Os ocupantes do outro ve\u00edculo nada sofreram, a Pol\u00edcia Militar atrav\u00e9s do T\u00e1tico Rodovi\u00e1rio Ostensivo foi chamado e de pronto fez a ocorr\u00eancia no local liberando as vias, enquanto Z\u00e9 veio ficou internado com suspeitas de fraturas nas costas.<\/p>\n","protected":false},"excerpt":{"rendered":"<p>Na manh\u00e3 desta quinta-feira(26), dois carros bateram no Bairro Salobrinho entrada para a Ceplac. O corrido teve uma v\u00edtima, Ant\u00f4nio Marcus G\u00f3es de Jesus \u2013 popular Z\u00e9 Veio, ele foi atingido com uma pancada no peito. De acordo Z\u00e9 Veio, o mesmo estava seguindo sentido a cidade de Itabuna, quando de repente na altura do [&hellip;]<\/p>\n","protected":false},"author":3,"featured_media":20468,"comment_status":"closed","ping_status":"closed","sticky":false,"template":"","format":"standard","meta":{"_links_to":"","_links_to_target":""},"categories":[1],"tags":[],"_links":{"self":[{"href":"https:\/\/www.correiodascidades.com.br\/v1\/wp-json\/wp\/v2\/posts\/20467"}],"collection":[{"href":"https:\/\/www.correiodascidades.com.br\/v1\/wp-json\/wp\/v2\/posts"}],"about":[{"href":"https:\/\/www.correiodascidades.com.br\/v1\/wp-json\/wp\/v2\/types\/post"}],"author":[{"embeddable":true,"href":"https:\/\/www.correiodascidades.com.br\/v1\/wp-json\/wp\/v2\/users\/3"}],"replies":[{"embeddable":true,"href":"https:\/\/www.correiodascidades.com.br\/v1\/wp-json\/wp\/v2\/comments?post=20467"}],"version-history":[{"count":3,"href":"https:\/\/www.correiodascidades.com.br\/v1\/wp-json\/wp\/v2\/posts\/20467\/revisions"}],"predecessor-version":[{"id":20478,"href":"https:\/\/www.correiodascidades.com.br\/v1\/wp-json\/wp\/v2\/posts\/20467\/revisions\/20478"}],"wp:featuredmedia":[{"embeddable":true,"href":"https:\/\/www.correiodascidades.com.br\/v1\/wp-json\/wp\/v2\/media\/20468"}],"wp:attachment":[{"href":"https:\/\/www.correiodascidades.com.br\/v1\/wp-json\/wp\/v2\/media?parent=20467"}],"wp:term":[{"taxonomy":"category","embeddable":true,"href":"https:\/\/www.correiodascidades.com.br\/v1\/wp-json\/wp\/v2\/categories?post=20467"},{"taxonomy":"post_tag","embeddable":true,"href":"https:\/\/www.correiodascidades.com.br\/v1\/wp-json\/wp\/v2\/tags?post=20467"}],"curies":[{"name":"wp","href":"https:\/\/api.w.org\/{rel}","templated":true}]}}