{"id":20473,"date":"2026-02-26T22:22:07","date_gmt":"2026-02-27T01:22:07","guid":{"rendered":"https:\/\/www.correiodascidades.com.br\/v1\/?p=20473"},"modified":"2026-03-03T03:07:54","modified_gmt":"2026-03-03T06:07:54","slug":"20473","status":"publish","type":"post","link":"https:\/\/www.correiodascidades.com.br\/v1\/2026\/02\/26\/20473\/","title":{"rendered":"Nikolas Ferreira e Alexandre de Moraes"},"content":{"rendered":"<div class=\"article-image-slot image-slot-placeholder\" data-is-first=\"true\" data-doc-id=\"cms\/api\/amp\/image\/AA1T7Gm8\">\n<div class=\"article-image-slot\">\n<div class=\"article-image-container polished\" data-t=\"{&quot;n&quot;:&quot;OpenModal&quot;,&quot;t&quot;:13,&quot;b&quot;:8,&quot;c.i&quot;:&quot;AA1UQUYL&quot;,&quot;c.l&quot;:false,&quot;c.t&quot;:13,&quot;c.v&quot;:&quot;news&quot;,&quot;c.c&quot;:&quot;newsbrazil&quot;,&quot;c.b&quot;:&quot;Areavip&quot;,&quot;c.bi&quot;:&quot;AA14PvUI&quot;,&quot;c.tv&quot;:&quot;public-safety-and-emergencies&quot;,&quot;c.tc&quot;:&quot;general&quot;,&quot;c.hl&quot;:&quot;Autorizou! Alexandre de Moraes d\u00e1 sinal verde para pris\u00e3o de Nikolas Ferreira&quot;}\" data-test-id=\"AA1T7Gm8\">\n<div><\/div>\n<p><button class=\"article-image-height-wrapper expandable article-image-height-wrapper-new\" data-customhandled=\"true\" data-t=\"{&quot;n&quot;:&quot;OpenModalButton&quot;,&quot;a&quot;:&quot;click&quot;,&quot;b&quot;:1,&quot;c.i&quot;:&quot;AA1UQUYL&quot;,&quot;c.l&quot;:false,&quot;c.t&quot;:13,&quot;c.v&quot;:&quot;news&quot;,&quot;c.c&quot;:&quot;newsbrazil&quot;,&quot;c.b&quot;:&quot;Areavip&quot;,&quot;c.bi&quot;:&quot;AA14PvUI&quot;,&quot;c.tv&quot;:&quot;public-safety-and-emergencies&quot;,&quot;c.tc&quot;:&quot;general&quot;,&quot;c.hl&quot;:&quot;Autorizou! Alexandre de Moraes d\u00e1 sinal verde para pris\u00e3o de Nikolas Ferreira&quot;}\"><img class=\"article-image article-image-ux-impr article-image-new expandable\" title=\"Nikolas Ferreira e Alexandre de Moraes \u2013 Foto: Instagram\/STF\" src=\"https:\/\/img-s-msn-com.akamaized.net\/tenant\/amp\/entityid\/AA1T7Gm8.img?w=696&amp;h=464&amp;m=6&amp;x=74&amp;y=119&amp;s=482&amp;d=224\" alt=\"Nikolas Ferreira e Alexandre de Moraes \u2013 Foto: Instagram\/STF\" \/><\/button><\/p>\n<div class=\"image-caption-container image-caption-container-ux-impr articlewc-image-caption-container\"><span class=\"image-caption\">\u2013 Foto: Instagram\/STF<\/span><\/div>\n<\/div>\n<\/div>\n<\/div>\n<p data-t=\"{&quot;n&quot;:&quot;blueLinks&quot;,&quot;t&quot;:13,&quot;a&quot;:&quot;click&quot;,&quot;b&quot;:76}\">O ministro\u00a0<strong>Alexandre de Moraes<\/strong>, do Supremo Tribunal Federal (STF), autorizou, nesta sexta-feira, a pris\u00e3o de\u00a0<strong>Nikolas Ferreira<\/strong>, deputado federal (PL-MG), e tamb\u00e9m de apoiadores\u00a0<a href=\"https:\/\/www.areavip.com.br\/noticias\/politica\/alexandre-de-moraes-proibe-manifestacoes-e-acampamentos-em-frente-a-papudinha\/\" target=\"_blank\" rel=\"noopener\" data-t=\"{&quot;n&quot;:&quot;destination&quot;,&quot;t&quot;:13,&quot;a&quot;:&quot;click&quot;,&quot;b&quot;:1,&quot;c.t&quot;:7}\">caso eles se aproximem do local onde Jair Bolsonaro est\u00e1 preso<\/a> \u2014 o complexo conhecido como Papudinha, em Bras\u00edlia. A determina\u00e7\u00e3o foi cumprida ap\u00f3s um pedido da Procuradoria-Geral da Rep\u00fablica (PGR), que chamou a aten\u00e7\u00e3o das autoridades para o risco institucional e para poss\u00edveis dist\u00farbios. <!--more--><\/p>\n<div class=\"intra-article-module\" data-t=\"{&quot;n&quot;:&quot;intraArticle&quot;,&quot;t&quot;:13}\">\n<div class=\"articlePageIntraArticleFullWidth ad-slot-placeholder left-image-intra-ad full-bleed-image-intra-ad intra-ad-rm-bg intra-ad-rm-h\" data-ad-index=\"0\">\n<div class=\"left-image-intra-ad full-bleed-image-intra-ad\">\n<div class=\"responsive-views-ad-container\">\n<div class=\"root\">\n<div class=\"content-card-container\">\n<div class=\"card-actions-button-container\">Marcha e manifesta\u00e7\u00e3o programada<\/div>\n<\/div>\n<\/div>\n<\/div>\n<\/div>\n<\/div>\n<\/div>\n<p class=\"continue-read-break\" data-t=\"{&quot;n&quot;:&quot;blueLinks&quot;,&quot;t&quot;:13,&quot;a&quot;:&quot;click&quot;,&quot;b&quot;:76}\">Nikolas segue em uma \u201cmarcha\u201d a p\u00e9 desde Minas Gerais em dire\u00e7\u00e3o \u00e0 capital federal, onde pretende liderar uma manifesta\u00e7\u00e3o neste domingo (25). A mobiliza\u00e7\u00e3o \u2014 que ganhou repercuss\u00e3o nas redes e entre apoiadores \u2014 tem como tema central \u201cjusti\u00e7a e liberdade\u201d, em defesa do ex-presidente e de condenados do epis\u00f3dio de 8 de Janeiro. A PGR alertou que a proximidade com a Papudinha poderia transformar o ato em um foco de instabilidade.<\/p>\n<h1>Refer\u00eancia hist\u00f3rica e preocupa\u00e7\u00e3o das autoridades<\/h1>\n<p data-t=\"{&quot;n&quot;:&quot;blueLinks&quot;,&quot;t&quot;:13,&quot;a&quot;:&quot;click&quot;,&quot;b&quot;:76}\">Ao analisar o pedido, Moraes citou experi\u00eancias passadas, incluindo epis\u00f3dios em que acampamentos em frente a quart\u00e9is do Ex\u00e9rcito foram associados \u00e0 tentativa de golpe de Estado em 8 de Janeiro de 2023. Para o ministro, a omiss\u00e3o das autoridades naquele momento serviu de alerta para evitar repetir erros que comprometeram a ordem democr\u00e1tica.<\/p>\n<h1>Estado democr\u00e1tico e limite \u00e0s manifesta\u00e7\u00f5es<\/h1>\n<p data-t=\"{&quot;n&quot;:&quot;blueLinks&quot;,&quot;t&quot;:13,&quot;a&quot;:&quot;click&quot;,&quot;b&quot;:76}\">Na decis\u00e3o, Moraes refor\u00e7ou que o direito de reuni\u00e3o e de express\u00e3o n\u00e3o \u00e9 absoluto quando h\u00e1 risco \u00e0 ordem p\u00fablica, seguran\u00e7a nacional ou funcionamento das institui\u00e7\u00f5es. Assim, a medida preventiva busca garantir que a seguran\u00e7a no entorno da Papuda seja mantida \u2014 inclusive com a possibilidade de pris\u00e3o em flagrante para quem descumprir a proibi\u00e7\u00e3o de se aproximar da penitenci\u00e1ria onde Bolsonaro est\u00e1 custodiado.<\/p>\n<div class=\"intra-article-module-bottom-slot\" data-t=\"{&quot;n&quot;:&quot;intraArticle&quot;,&quot;t&quot;:13}\"><\/div>\n","protected":false},"excerpt":{"rendered":"<p>\u2013 Foto: Instagram\/STF O ministro\u00a0Alexandre de Moraes, do Supremo Tribunal Federal (STF), autorizou, nesta sexta-feira, a pris\u00e3o de\u00a0Nikolas Ferreira, deputado federal (PL-MG), e tamb\u00e9m de apoiadores\u00a0caso eles se aproximem do local onde Jair Bolsonaro est\u00e1 preso \u2014 o complexo conhecido como Papudinha, em Bras\u00edlia. A determina\u00e7\u00e3o foi cumprida ap\u00f3s um pedido da Procuradoria-Geral da Rep\u00fablica [&hellip;]<\/p>\n","protected":false},"author":3,"featured_media":20474,"comment_status":"closed","ping_status":"closed","sticky":false,"template":"","format":"standard","meta":{"_links_to":"","_links_to_target":""},"categories":[1],"tags":[],"_links":{"self":[{"href":"https:\/\/www.correiodascidades.com.br\/v1\/wp-json\/wp\/v2\/posts\/20473"}],"collection":[{"href":"https:\/\/www.correiodascidades.com.br\/v1\/wp-json\/wp\/v2\/posts"}],"about":[{"href":"https:\/\/www.correiodascidades.com.br\/v1\/wp-json\/wp\/v2\/types\/post"}],"author":[{"embeddable":true,"href":"https:\/\/www.correiodascidades.com.br\/v1\/wp-json\/wp\/v2\/users\/3"}],"replies":[{"embeddable":true,"href":"https:\/\/www.correiodascidades.com.br\/v1\/wp-json\/wp\/v2\/comments?post=20473"}],"version-history":[{"count":2,"href":"https:\/\/www.correiodascidades.com.br\/v1\/wp-json\/wp\/v2\/posts\/20473\/revisions"}],"predecessor-version":[{"id":20575,"href":"https:\/\/www.correiodascidades.com.br\/v1\/wp-json\/wp\/v2\/posts\/20473\/revisions\/20575"}],"wp:featuredmedia":[{"embeddable":true,"href":"https:\/\/www.correiodascidades.com.br\/v1\/wp-json\/wp\/v2\/media\/20474"}],"wp:attachment":[{"href":"https:\/\/www.correiodascidades.com.br\/v1\/wp-json\/wp\/v2\/media?parent=20473"}],"wp:term":[{"taxonomy":"category","embeddable":true,"href":"https:\/\/www.correiodascidades.com.br\/v1\/wp-json\/wp\/v2\/categories?post=20473"},{"taxonomy":"post_tag","embeddable":true,"href":"https:\/\/www.correiodascidades.com.br\/v1\/wp-json\/wp\/v2\/tags?post=20473"}],"curies":[{"name":"wp","href":"https:\/\/api.w.org\/{rel}","templated":true}]}}