{"id":2058,"date":"2022-12-17T07:47:12","date_gmt":"2022-12-17T10:47:12","guid":{"rendered":"https:\/\/www.correiodascidades.com.br\/v1\/?p=2058"},"modified":"2022-12-17T10:51:14","modified_gmt":"2022-12-17T13:51:14","slug":"bahia-registra-31-obitos-por-covid-19-nas-ultimas-24-horas","status":"publish","type":"post","link":"https:\/\/www.correiodascidades.com.br\/v1\/2022\/12\/17\/bahia-registra-31-obitos-por-covid-19-nas-ultimas-24-horas\/","title":{"rendered":"Bahia registra 31 \u00f3bitos por Covid-19 nas \u00faltimas 24 horas"},"content":{"rendered":"<p>&nbsp;<\/p>\n<p><img loading=\"lazy\" class=\"\" src=\"https:\/\/www.correiodascidades.com.br\/v1\/wp-content\/uploads\/2022\/12\/hospital-uti-leitos-16-07-dois.jpg\" width=\"606\" height=\"358\" \/><\/p>\n<p><span class=\"dropcap \">A<\/span>Secretaria de Sa\u00fade do Estado (Sesab) informa que na Bahia, nas \u00faltimas 24 horas, foram registrados 31 \u00f3bitos por covid-19. Devido uma instabilidade em sistemas do Minist\u00e9rio da Sa\u00fade, n\u00e3o houve a possibilidade de extra\u00e7\u00e3o dos dados da doen\u00e7a, impedindo a contabiliza\u00e7\u00e3o dos novos casos. <!--more--><\/p>\n<h3><span class=\"highlight\">Vacina\u00e7\u00e3o<\/span><\/h3>\n<p>At\u00e9 o momento a Bahia contabiliza 11.708.916 pessoas vacinadas com a primeira dose, 10.801.310 com a segunda dose ou dose \u00fanica, 7.699.592 com a dose de refor\u00e7o e 2.926.698 com o segundo refor\u00e7o. Do p\u00fablico de 5 a 11 anos, 1.079.893 crian\u00e7as j\u00e1 foram imunizadas com a primeira dose e 727.801 j\u00e1 tomaram tamb\u00e9m a segunda dose. Do grupo de 3 a 4 anos, 72.280 tomaram a primeira dose e 30.747 j\u00e1 tomaram a segunda dose. Do grupo de 6 meses a 2 anos, 4.214 tomaram a primeira dose.<\/p>\n","protected":false},"excerpt":{"rendered":"<p>&nbsp; ASecretaria de Sa\u00fade do Estado (Sesab) informa que na Bahia, nas \u00faltimas 24 horas, foram registrados 31 \u00f3bitos por covid-19. Devido uma instabilidade em sistemas do Minist\u00e9rio da Sa\u00fade, n\u00e3o houve a possibilidade de extra\u00e7\u00e3o dos dados da doen\u00e7a, impedindo a contabiliza\u00e7\u00e3o dos novos casos.<\/p>\n","protected":false},"author":3,"featured_media":2063,"comment_status":"closed","ping_status":"closed","sticky":false,"template":"","format":"standard","meta":{"_links_to":"","_links_to_target":""},"categories":[2],"tags":[],"_links":{"self":[{"href":"https:\/\/www.correiodascidades.com.br\/v1\/wp-json\/wp\/v2\/posts\/2058"}],"collection":[{"href":"https:\/\/www.correiodascidades.com.br\/v1\/wp-json\/wp\/v2\/posts"}],"about":[{"href":"https:\/\/www.correiodascidades.com.br\/v1\/wp-json\/wp\/v2\/types\/post"}],"author":[{"embeddable":true,"href":"https:\/\/www.correiodascidades.com.br\/v1\/wp-json\/wp\/v2\/users\/3"}],"replies":[{"embeddable":true,"href":"https:\/\/www.correiodascidades.com.br\/v1\/wp-json\/wp\/v2\/comments?post=2058"}],"version-history":[{"count":3,"href":"https:\/\/www.correiodascidades.com.br\/v1\/wp-json\/wp\/v2\/posts\/2058\/revisions"}],"predecessor-version":[{"id":2064,"href":"https:\/\/www.correiodascidades.com.br\/v1\/wp-json\/wp\/v2\/posts\/2058\/revisions\/2064"}],"wp:featuredmedia":[{"embeddable":true,"href":"https:\/\/www.correiodascidades.com.br\/v1\/wp-json\/wp\/v2\/media\/2063"}],"wp:attachment":[{"href":"https:\/\/www.correiodascidades.com.br\/v1\/wp-json\/wp\/v2\/media?parent=2058"}],"wp:term":[{"taxonomy":"category","embeddable":true,"href":"https:\/\/www.correiodascidades.com.br\/v1\/wp-json\/wp\/v2\/categories?post=2058"},{"taxonomy":"post_tag","embeddable":true,"href":"https:\/\/www.correiodascidades.com.br\/v1\/wp-json\/wp\/v2\/tags?post=2058"}],"curies":[{"name":"wp","href":"https:\/\/api.w.org\/{rel}","templated":true}]}}