{"id":20675,"date":"2026-03-07T20:35:34","date_gmt":"2026-03-07T23:35:34","guid":{"rendered":"https:\/\/www.correiodascidades.com.br\/v1\/?p=20675"},"modified":"2026-03-07T20:35:34","modified_gmt":"2026-03-07T23:35:34","slug":"concurso-cnu-2025-prazo-para-convocado-confirmar-interesse-em-vaga-comeca-hoje","status":"publish","type":"post","link":"https:\/\/www.correiodascidades.com.br\/v1\/2026\/03\/07\/concurso-cnu-2025-prazo-para-convocado-confirmar-interesse-em-vaga-comeca-hoje\/","title":{"rendered":"Concurso CNU 2025: prazo para convocado confirmar interesse em vaga come\u00e7a hoje"},"content":{"rendered":"<div class=\"entry-header\">\n<h1 class=\"jeg_post_title\"><\/h1>\n<\/div>\n<div class=\"entry-content with-share\">\n<div class=\"content-inner \">\n<h6><em><strong><a href=\"https:\/\/www.jornaldamidia.com.br\/wp-content\/uploads\/2026\/03\/cnu-concurso-0703.webp\"><img loading=\"lazy\" class=\" wp-image-384125\" src=\"https:\/\/www.jornaldamidia.com.br\/wp-content\/uploads\/2026\/03\/cnu-concurso-0703.webp\" sizes=\"auto, (max-width: 1170px) 100vw, 1170px\" srcset=\"https:\/\/www.jornaldamidia.com.br\/wp-content\/uploads\/2026\/03\/cnu-concurso-0703.webp 1170w, https:\/\/www.jornaldamidia.com.br\/wp-content\/uploads\/2026\/03\/cnu-concurso-0703-450x269.webp 450w, https:\/\/www.jornaldamidia.com.br\/wp-content\/uploads\/2026\/03\/cnu-concurso-0703-745x446.webp 745w, https:\/\/www.jornaldamidia.com.br\/wp-content\/uploads\/2026\/03\/cnu-concurso-0703-768x459.webp 768w, https:\/\/www.jornaldamidia.com.br\/wp-content\/uploads\/2026\/03\/cnu-concurso-0703-750x449.webp 750w, https:\/\/www.jornaldamidia.com.br\/wp-content\/uploads\/2026\/03\/cnu-concurso-0703-1140x682.webp 1140w\" alt=\"\" width=\"664\" height=\"397\" data-pin-no-hover=\"true\" \/><\/a><\/strong><\/em><\/h6>\n<h6><em>\u00a0<\/em><\/h6>\n<p><span class=\"dropcap shadow\">O<\/span>prazo para que 102 candidatos do Concurso P\u00fablico Nacional Unificado (CNU) de 2025 confirmem o interesse nas vagas imediatas para as quais foram convocados na sexta-feira (6) ter\u00e1 in\u00edcio \u00e0s 10 horas (hor\u00e1rio de Bras\u00edlia) deste s\u00e1bado (7) e terminar\u00e1 \u00e0s 23h59 de segunda-feira (9).<img src=\"https:\/\/agenciabrasil.ebc.com.br\/ebc.png?id=1680915&amp;o=node\" data-pin-no-hover=\"true\" \/><img src=\"https:\/\/agenciabrasil.ebc.com.br\/ebc.gif?id=1680915&amp;o=node\" data-pin-no-hover=\"true\" \/><\/p>\n<p>A manifesta\u00e7\u00e3o individual de interesse na vaga deve ser feita pelo candidato convocado exclusivamente na\u00a0<a href=\"https:\/\/conhecimento.fgv.br\/cpnu2\" target=\"_blank\" rel=\"noopener\">P\u00e1gina de Acompanhamento<\/a>\u00a0no site da Funda\u00e7\u00e3o Getulio Vargas (FGV), respons\u00e1vel pela execu\u00e7\u00e3o do concurso.<\/p>\n<p>\u00c9 preciso ter a senha da plataforma Gov.br.\u00a0<strong>O sistema permite apenas um registro por rodada de convoca\u00e7\u00e3o, sem possibilidade de altera\u00e7\u00e3o posterior, mesmo dentro do prazo.\u00a0<\/strong><\/p>\n<p>O Minist\u00e9rio da Gest\u00e3o e da Inova\u00e7\u00e3o em Servi\u00e7os P\u00fablicos (MGI) avisa que ap\u00f3s o encerramento do sistema, n\u00e3o ser\u00e1 poss\u00edvel registrar a confirma\u00e7\u00e3o do interesse na vaga.<\/p>\n<h2>Etapa necess\u00e1ria<\/h2>\n<\/div>\n<\/div>\n<p><!--more--><\/p>\n<p><strong>A etapa de confirma\u00e7\u00e3o do interesse na vaga \u00e9 necess\u00e1ria para o candidato permanecer habilitado para as pr\u00f3ximas etapas do concurso, por exemplo, iniciar o curso de forma\u00e7\u00e3o do cargo e a futura nomea\u00e7\u00e3o.<\/strong><\/p>\n<p>Por\u00e9m, a confirma\u00e7\u00e3o de interesse n\u00e3o significa nomea\u00e7\u00e3o autom\u00e1tica para assumir a vaga do certame. \u00c9 preciso cumprir as demais fases do concurso.<\/p>\n<p>J\u00e1 a aus\u00eancia de manifesta\u00e7\u00e3o eliminar\u00e1 o candidato da concorr\u00eancia para aquele cargo espec\u00edfico e para os de menor prefer\u00eancia, permanecendo apenas na disputa por eventuais cargos de maior prefer\u00eancia, se houver.<\/p>\n<h2>Convoca\u00e7\u00e3o<\/h2>\n<p>Os 102 candidatos que podem manifestar interesse na vaga de preenchimento imediato neste s\u00e1bado foram convocados um dia antes pelo Minist\u00e9rio da Gest\u00e3o.<\/p>\n<p>A lista com os nomes dos convocados\u00a0foi publicada na edi\u00e7\u00e3o do Di\u00e1rio Oficial da Uni\u00e3o (DOU) desta sexta-feira (6), no\u00a0<a href=\"https:\/\/www.in.gov.br\/web\/dou\/-\/edital-especifico-n-3-de-5-de-marco-de-2026-690951928\" target=\"_blank\" rel=\"noopener\">edital 3\/2026<\/a>.<\/p>\n<p>O candidato tamb\u00e9m poder\u00e1 fazer a consulta individual na P\u00e1gina de Acompanhamento.<\/p>\n<p>A convoca\u00e7\u00e3o ocorre sempre para um \u00fanico cargo por rodada, ou seja, aquele para o qual a pessoa passa a figurar como classificada em vaga imediata ap\u00f3s a atualiza\u00e7\u00e3o das listas.<\/p>\n<p>A nova convoca\u00e7\u00e3o considera a ordem de prefer\u00eancia indicada pelo candidato no momento da inscri\u00e7\u00e3o e as regras estabelecidas em\u00a0<a href=\"https:\/\/conhecimento.fgv.br\/sites\/default\/files\/concursos\/edital_concurso-publico-nacional-unificado-2_8aret_21.11.25.pdf\" target=\"_blank\" rel=\"noopener\">edital<\/a>\u00a0da segunda edi\u00e7\u00e3o do CNU.<\/p>\n<h2>Passo a passo<\/h2>\n<p>A convoca\u00e7\u00e3o pura e simples do candidato aprovado n\u00e3o \u00e9 garantia de permanecer na disputa pelo cargo do concurso unificado.<\/p>\n<p>O MGI avisa que apenas entrar na plataforma n\u00e3o configura manifesta\u00e7\u00e3o da vontade. \u00c9 indispens\u00e1vel o registro formal da decis\u00e3o de interesse pela vaga diretamente na plataforma da seguinte forma:<\/p>\n<ul>\n<li>Acesse o\u00a0<a href=\"https:\/\/conhecimento.fgv.br\/cpnu2\" target=\"_blank\" rel=\"noopener\">site do CNU 2025<\/a>\u00a0da FGV<\/li>\n<li>Entra\u00a0na P\u00e1gina de Acompanhamento<\/li>\n<li>Digite\u00a0os dados da conta da plataforma Gov.br;<\/li>\n<li>Verifique\u00a0o cargo convocado<\/li>\n<li>Confirme\u00a0se tem ou n\u00e3o interesse no cargo<\/li>\n<li>Conclua\u00a0todas as etapas at\u00e9 a finalizar o registro.<\/li>\n<\/ul>\n<p>Em caso de d\u00favidas, consulte o\u00a0<a href=\"https:\/\/www.gov.br\/gestao\/pt-br\/concursonacional\/cpnu-2\/confirmacao-de-interesse\" target=\"_blank\" rel=\"noopener\">site oficial de respostas a perguntas frequentes<\/a>.<\/p>\n<h2>Fluxo de convoca\u00e7\u00f5es<\/h2>\n<p>Com as confirma\u00e7\u00f5es, a administra\u00e7\u00e3o p\u00fablica tem uma indica\u00e7\u00e3o mais clara de que quem quer assumir o cargo, o que pode acelerar a chamada dos pr\u00f3ximos classificados. Isto porque as vagas n\u00e3o confirmadas ser\u00e3o ofertadas na rodada seguinte.<\/p>\n<p>Segundo o MGI, o modelo de convoca\u00e7\u00f5es sucessivas mant\u00e9m ritmo de preenchimento das vagas de preenchimento imediato.<\/p>\n<p>No dia 16 de mar\u00e7o sai no Di\u00e1rio Oficial da Uni\u00e3o e no site da FGV a divulga\u00e7\u00e3o das classifica\u00e7\u00f5es finais em vagas imediatas e lista de espera.<\/p>\n<h2>Aus\u00eancia de manifesta\u00e7\u00e3o<\/h2>\n<p>Se o candidato convocado pelo MGI informar n\u00e3o ter interesse na vaga imediata da segunda edi\u00e7\u00e3o do CNU ou n\u00e3o acessar o sistema da FGV dentro do prazo (23h59 de 9 de mar\u00e7o) este candidato ser\u00e1 considerado ausente de manifesta\u00e7\u00e3o.<\/p>\n<p><strong>Nessas situa\u00e7\u00f5es, o aprovado ser\u00e1 eliminado da concorr\u00eancia para aquele cargo espec\u00edfico da convoca\u00e7\u00e3o e para os demais, de menor prefer\u00eancia, permanecendo apenas na disputa por eventuais cargos de maior prefer\u00eancia, se houver.\u00a0\u00a0<\/strong><\/p>\n<p>A falta de interesse na vaga pode alterar significativamente a composi\u00e7\u00e3o das listas finais de aprovados no CNU 2025.<\/p>\n<h2>CNU 2025<\/h2>\n<p>A segunda edi\u00e7\u00e3o do Concurso P\u00fablico Nacional Unificado oferece 3.652 vagas distribu\u00eddas em 32 \u00f3rg\u00e3os federais.<\/p>\n<p>Do total de vagas, 3.144 s\u00e3o de n\u00edvel superior, e outras 508, de n\u00edvel intermedi\u00e1rio. Os cargos s\u00e3o agrupados em nove blocos tem\u00e1ticos.<\/p>\n<p>O chamado Enem dos Concursos registrou 761.528 inscri\u00e7\u00f5es confirmadas, com candidatos de 4.951 munic\u00edpios.<\/p>\n<p>As provas foram aplicadas em centenas de munic\u00edpios de todo o pa\u00eds, em dois dias de 2025. A primeira fase, de provas objetivas, ocorreu em outubro. A segunda, de discursivas, em dezembro.<\/p>\n<p>&nbsp;<\/p>\n","protected":false},"excerpt":{"rendered":"<p>\u00a0 Oprazo para que 102 candidatos do Concurso P\u00fablico Nacional Unificado (CNU) de 2025 confirmem o interesse nas vagas imediatas para as quais foram convocados na sexta-feira (6) ter\u00e1 in\u00edcio \u00e0s 10 horas (hor\u00e1rio de Bras\u00edlia) deste s\u00e1bado (7) e terminar\u00e1 \u00e0s 23h59 de segunda-feira (9). A manifesta\u00e7\u00e3o individual de interesse na vaga deve ser [&hellip;]<\/p>\n","protected":false},"author":3,"featured_media":20676,"comment_status":"closed","ping_status":"closed","sticky":false,"template":"","format":"standard","meta":{"_links_to":"","_links_to_target":""},"categories":[1],"tags":[],"_links":{"self":[{"href":"https:\/\/www.correiodascidades.com.br\/v1\/wp-json\/wp\/v2\/posts\/20675"}],"collection":[{"href":"https:\/\/www.correiodascidades.com.br\/v1\/wp-json\/wp\/v2\/posts"}],"about":[{"href":"https:\/\/www.correiodascidades.com.br\/v1\/wp-json\/wp\/v2\/types\/post"}],"author":[{"embeddable":true,"href":"https:\/\/www.correiodascidades.com.br\/v1\/wp-json\/wp\/v2\/users\/3"}],"replies":[{"embeddable":true,"href":"https:\/\/www.correiodascidades.com.br\/v1\/wp-json\/wp\/v2\/comments?post=20675"}],"version-history":[{"count":1,"href":"https:\/\/www.correiodascidades.com.br\/v1\/wp-json\/wp\/v2\/posts\/20675\/revisions"}],"predecessor-version":[{"id":20677,"href":"https:\/\/www.correiodascidades.com.br\/v1\/wp-json\/wp\/v2\/posts\/20675\/revisions\/20677"}],"wp:featuredmedia":[{"embeddable":true,"href":"https:\/\/www.correiodascidades.com.br\/v1\/wp-json\/wp\/v2\/media\/20676"}],"wp:attachment":[{"href":"https:\/\/www.correiodascidades.com.br\/v1\/wp-json\/wp\/v2\/media?parent=20675"}],"wp:term":[{"taxonomy":"category","embeddable":true,"href":"https:\/\/www.correiodascidades.com.br\/v1\/wp-json\/wp\/v2\/categories?post=20675"},{"taxonomy":"post_tag","embeddable":true,"href":"https:\/\/www.correiodascidades.com.br\/v1\/wp-json\/wp\/v2\/tags?post=20675"}],"curies":[{"name":"wp","href":"https:\/\/api.w.org\/{rel}","templated":true}]}}