{"id":20678,"date":"2026-03-07T20:38:39","date_gmt":"2026-03-07T23:38:39","guid":{"rendered":"https:\/\/www.correiodascidades.com.br\/v1\/?p=20678"},"modified":"2026-03-07T20:38:39","modified_gmt":"2026-03-07T23:38:39","slug":"brasileiros-ja-pagaram-r800-bilhoes-em-impostos","status":"publish","type":"post","link":"https:\/\/www.correiodascidades.com.br\/v1\/2026\/03\/07\/brasileiros-ja-pagaram-r800-bilhoes-em-impostos\/","title":{"rendered":"Brasileiros j\u00e1 pagaram R$800 bilh\u00f5es em impostos"},"content":{"rendered":"<p><img src=\"https:\/\/www.correiodascidades.com.br\/v1\/wp-content\/uploads\/2026\/03\/receitafederaltMarceloCamargoABR-768x512-1.jpeg\" \/><\/p>\n<p><span class=\"dropcap \">O<\/span>s brasileiros amargam, neste s\u00e1bado (7), a marca de R$800 bilh\u00f5es pagos em impostos, somente em 2026. A conta \u00e9 do \u201cImpost\u00f4metro\u201d da Associa\u00e7\u00e3o Comercial de S\u00e3o Paulo, que inclui todas as taxas tomadas dos cidad\u00e3os no \u00e2mbito federal, estadual e municipal. Foram R$100 bilh\u00f5es em apenas dez dias. Em 26 de fevereiro, o Impost\u00f4metro apontava R$700 bilh\u00f5es tomados dos brasileiros em impostos, este ano. <!--more--><\/p>\n<div id=\"Nota-7\" class=\"entry-block ch-nota Nota-7\">\n<h3>No vermelho<\/h3>\n<\/div>\n<p>Esta semana, a plataforma Gasto Brasil registrou que as despesas do governo j\u00e1 superaram R$1 trilh\u00e3o no mesmo per\u00edodo.<\/p>\n<div id=\"Nota-8\" class=\"entry-block ch-nota Nota-8\">\n<h3>S\u00f3 de paulistas<\/h3>\n<\/div>\n<p>A arrecada\u00e7\u00e3o de impostos no estado de S\u00e3o Paulo responde por 37,4% de tudo tomado pelo governo: mais de R$286 bilh\u00f5es, at\u00e9 agora.<\/p>\n<div id=\"Nota-9\" class=\"entry-block ch-nota Nota-9\">\n<h3>At\u00e9 o dia 17<\/h3>\n<\/div>\n<p>A estimativa do Impost\u00f4metro \u00e9 que sejam tomados outros R$100 bilh\u00f5es dos brasileiros apenas nos pr\u00f3ximos dez dias.<\/p>\n","protected":false},"excerpt":{"rendered":"<p>Os brasileiros amargam, neste s\u00e1bado (7), a marca de R$800 bilh\u00f5es pagos em impostos, somente em 2026. A conta \u00e9 do \u201cImpost\u00f4metro\u201d da Associa\u00e7\u00e3o Comercial de S\u00e3o Paulo, que inclui todas as taxas tomadas dos cidad\u00e3os no \u00e2mbito federal, estadual e municipal. Foram R$100 bilh\u00f5es em apenas dez dias. Em 26 de fevereiro, o Impost\u00f4metro [&hellip;]<\/p>\n","protected":false},"author":3,"featured_media":20679,"comment_status":"closed","ping_status":"closed","sticky":false,"template":"","format":"standard","meta":{"_links_to":"","_links_to_target":""},"categories":[1],"tags":[],"_links":{"self":[{"href":"https:\/\/www.correiodascidades.com.br\/v1\/wp-json\/wp\/v2\/posts\/20678"}],"collection":[{"href":"https:\/\/www.correiodascidades.com.br\/v1\/wp-json\/wp\/v2\/posts"}],"about":[{"href":"https:\/\/www.correiodascidades.com.br\/v1\/wp-json\/wp\/v2\/types\/post"}],"author":[{"embeddable":true,"href":"https:\/\/www.correiodascidades.com.br\/v1\/wp-json\/wp\/v2\/users\/3"}],"replies":[{"embeddable":true,"href":"https:\/\/www.correiodascidades.com.br\/v1\/wp-json\/wp\/v2\/comments?post=20678"}],"version-history":[{"count":1,"href":"https:\/\/www.correiodascidades.com.br\/v1\/wp-json\/wp\/v2\/posts\/20678\/revisions"}],"predecessor-version":[{"id":20680,"href":"https:\/\/www.correiodascidades.com.br\/v1\/wp-json\/wp\/v2\/posts\/20678\/revisions\/20680"}],"wp:featuredmedia":[{"embeddable":true,"href":"https:\/\/www.correiodascidades.com.br\/v1\/wp-json\/wp\/v2\/media\/20679"}],"wp:attachment":[{"href":"https:\/\/www.correiodascidades.com.br\/v1\/wp-json\/wp\/v2\/media?parent=20678"}],"wp:term":[{"taxonomy":"category","embeddable":true,"href":"https:\/\/www.correiodascidades.com.br\/v1\/wp-json\/wp\/v2\/categories?post=20678"},{"taxonomy":"post_tag","embeddable":true,"href":"https:\/\/www.correiodascidades.com.br\/v1\/wp-json\/wp\/v2\/tags?post=20678"}],"curies":[{"name":"wp","href":"https:\/\/api.w.org\/{rel}","templated":true}]}}