{"id":20692,"date":"2026-03-07T23:40:12","date_gmt":"2026-03-08T02:40:12","guid":{"rendered":"https:\/\/www.correiodascidades.com.br\/v1\/?p=20692"},"modified":"2026-03-07T23:40:12","modified_gmt":"2026-03-08T02:40:12","slug":"ilheus-acidente-na-zona-sul-da-cidade","status":"publish","type":"post","link":"https:\/\/www.correiodascidades.com.br\/v1\/2026\/03\/07\/ilheus-acidente-na-zona-sul-da-cidade\/","title":{"rendered":"ILH\u00c9US: Acidente na Zona Sul da cidade"},"content":{"rendered":"<p><img loading=\"lazy\" class=\"\" src=\"https:\/\/www.correiodascidades.com.br\/v1\/wp-content\/uploads\/2026\/03\/a52ade69-02cc-4359-a3fe-1058aa4eb37b.jpg\" width=\"410\" height=\"935\" \/><\/p>\n<p>Na noite deste s\u00e1bado (o7) de mar\u00e7o, um homem de identidade n\u00e3o revelada se envolveu em um sinistro de transito, quando trafegava com sua moto na Rodovia BA &#8211; 001 \u2013 denominada Presidente Tancredo Neves, Nova Orla Sul. O local exato foi nas imedia\u00e7\u00f5es do\u00a0 Cantinho Caipira. Informa\u00e7\u00f5es passadas ao correio d\u00e3o conta de que um carro em alta velocidade teria colhido o motoqueiro quando trafegava na sitada rodovia.<\/p>\n<p>O homem disse aos policiais da 69 CIPM que andava sobre a estrada quando do nada recebeu a pancada de um carro vindo ao solo sem nada poder fazer. Ele ainda disse que o motorista evadiu se do local deixando o mesmo ca\u00eddo ao solo. <!--more--><\/p>\n<p>A pol\u00edcia militar foi acionada que de pronto chegou no local para realizar a ocorr\u00eancia. O homem recebeu os atendimentos m\u00e9dicos do Samu e direcionado ao Hospital Costa do cacau<\/p>\n","protected":false},"excerpt":{"rendered":"<p>Na noite deste s\u00e1bado (o7) de mar\u00e7o, um homem de identidade n\u00e3o revelada se envolveu em um sinistro de transito, quando trafegava com sua moto na Rodovia BA &#8211; 001 \u2013 denominada Presidente Tancredo Neves, Nova Orla Sul. O local exato foi nas imedia\u00e7\u00f5es do\u00a0 Cantinho Caipira. Informa\u00e7\u00f5es passadas ao correio d\u00e3o conta de que [&hellip;]<\/p>\n","protected":false},"author":3,"featured_media":20693,"comment_status":"closed","ping_status":"closed","sticky":false,"template":"","format":"standard","meta":{"_links_to":"","_links_to_target":""},"categories":[1],"tags":[],"_links":{"self":[{"href":"https:\/\/www.correiodascidades.com.br\/v1\/wp-json\/wp\/v2\/posts\/20692"}],"collection":[{"href":"https:\/\/www.correiodascidades.com.br\/v1\/wp-json\/wp\/v2\/posts"}],"about":[{"href":"https:\/\/www.correiodascidades.com.br\/v1\/wp-json\/wp\/v2\/types\/post"}],"author":[{"embeddable":true,"href":"https:\/\/www.correiodascidades.com.br\/v1\/wp-json\/wp\/v2\/users\/3"}],"replies":[{"embeddable":true,"href":"https:\/\/www.correiodascidades.com.br\/v1\/wp-json\/wp\/v2\/comments?post=20692"}],"version-history":[{"count":1,"href":"https:\/\/www.correiodascidades.com.br\/v1\/wp-json\/wp\/v2\/posts\/20692\/revisions"}],"predecessor-version":[{"id":20694,"href":"https:\/\/www.correiodascidades.com.br\/v1\/wp-json\/wp\/v2\/posts\/20692\/revisions\/20694"}],"wp:featuredmedia":[{"embeddable":true,"href":"https:\/\/www.correiodascidades.com.br\/v1\/wp-json\/wp\/v2\/media\/20693"}],"wp:attachment":[{"href":"https:\/\/www.correiodascidades.com.br\/v1\/wp-json\/wp\/v2\/media?parent=20692"}],"wp:term":[{"taxonomy":"category","embeddable":true,"href":"https:\/\/www.correiodascidades.com.br\/v1\/wp-json\/wp\/v2\/categories?post=20692"},{"taxonomy":"post_tag","embeddable":true,"href":"https:\/\/www.correiodascidades.com.br\/v1\/wp-json\/wp\/v2\/tags?post=20692"}],"curies":[{"name":"wp","href":"https:\/\/api.w.org\/{rel}","templated":true}]}}