{"id":20713,"date":"2026-03-09T06:38:31","date_gmt":"2026-03-09T09:38:31","guid":{"rendered":"https:\/\/www.correiodascidades.com.br\/v1\/?p=20713"},"modified":"2026-03-09T06:38:31","modified_gmt":"2026-03-09T09:38:31","slug":"stf-analisa-prisao-de-vorcaro-e-socorro-ao-brb-e-contestado-pela-oposicao-no-df","status":"publish","type":"post","link":"https:\/\/www.correiodascidades.com.br\/v1\/2026\/03\/09\/stf-analisa-prisao-de-vorcaro-e-socorro-ao-brb-e-contestado-pela-oposicao-no-df\/","title":{"rendered":"STF analisa pris\u00e3o de Vorcaro e socorro ao BRB \u00e9 contestado pela oposi\u00e7\u00e3o no DF"},"content":{"rendered":"<p data-t=\"{&quot;n&quot;:&quot;blueLinks&quot;,&quot;t&quot;:13,&quot;a&quot;:&quot;click&quot;,&quot;b&quot;:76}\"><img src=\"https:\/\/www.correiodascidades.com.br\/v1\/wp-content\/uploads\/2026\/03\/AA1XOhzT.jpg\" \/><\/p>\n<p data-t=\"{&quot;n&quot;:&quot;blueLinks&quot;,&quot;t&quot;:13,&quot;a&quot;:&quot;click&quot;,&quot;b&quot;:76}\">A divulga\u00e7\u00e3o fez o Supremo voltar ao centro da crise, ap\u00f3s ter conseguido diminuir a press\u00e3o com a sa\u00edda do ministro Dias Toffoli da relatoria do caso. A Corte analisa a partir desta sexta-feira, 13 de mar\u00e7o, a decis\u00e3o do ministro Andr\u00e9 Mendon\u00e7a que determinou a\u00a0<a href=\"https:\/\/apublica.org\/2026\/03\/a-turma-de-vorcaro-banqueiro-tem-prisao-preventiva-decretada-por-ministro-mendonca\/\" target=\"_blank\" rel=\"noreferrer noopener\" data-t=\"{&quot;n&quot;:&quot;destination&quot;,&quot;t&quot;:13,&quot;a&quot;:&quot;click&quot;,&quot;b&quot;:1,&quot;c.t&quot;:7}\">pris\u00e3o de Vorcaro<\/a>. O julgamento ocorre na segunda turma, via plen\u00e1rio virtual, e pode se estender at\u00e9 o pr\u00f3ximo dia 20. <!--more--><\/p>\n<p data-t=\"{&quot;n&quot;:&quot;blueLinks&quot;,&quot;t&quot;:13,&quot;a&quot;:&quot;click&quot;,&quot;b&quot;:76}\">A decis\u00e3o de Mendon\u00e7a resultou em uma opera\u00e7\u00e3o que incluiu quatro mandados de pris\u00e3o preventiva e 15 de busca e apreens\u00e3o em S\u00e3o Paulo e Minas Gerais, al\u00e9m do bloqueio de bens que podem chegar a R$ 22 milh\u00f5es.<\/p>\n<p class=\"continue-read-break\" data-t=\"{&quot;n&quot;:&quot;blueLinks&quot;,&quot;t&quot;:13,&quot;a&quot;:&quot;click&quot;,&quot;b&quot;:76}\">O caso Master tamb\u00e9m chegou \u00e0 C\u00e2mara Legislativa do Distrito Federal (CLDF). O deputado distrital F\u00e1bio F\u00e9lix (PSOL) confirmou \u00e0\u00a0<strong>Ag\u00eancia P\u00fablica<\/strong>\u00a0que a oposi\u00e7\u00e3o deve se reunir no in\u00edcio desta semana para discutir medidas contra o uso de im\u00f3veis p\u00fablicos para cobrir as perdas do Banco de Bras\u00edlia, o BRB.<\/p>\n<div class=\"intra-article-module\" data-t=\"{&quot;n&quot;:&quot;intraArticle&quot;,&quot;t&quot;:13}\">\n<div class=\"articlePageIntraArticleFullWidth ad-slot-placeholder left-image-intra-ad full-bleed-image-intra-ad intra-ad-rm-bg intra-ad-rm-h\" data-ad-index=\"1\">\n<div class=\"left-image-intra-ad full-bleed-image-intra-ad\">\n<div class=\"responsive-views-ad-container\">\n<div class=\"root\">\n<div class=\"content-card-container\"><img class=\"media\" src=\"https:\/\/shftr.adnxs.net\/r?url=https%3A%2F%2Fdsp.outbrainimg.com%2Fp%2Fsrv%2Fsha%2F91%2F01%2Fab%2F12aefaed31a74643718c963ea730a48064.jpg%3Fw%3D275%26h%3D144%26fit%3Dcrop%26crop%3Dfaces%2Ccenter%26thomcrop%26q%3D45%26fm%3Djpg&amp;width=275&amp;height=144&amp;crop=1&amp;bidder=399&amp;buying_member=7706&amp;selling_member=280&amp;creative_id=719162285\" alt=\"Transforme Seu Processo de Contrata\u00e7\u00e3o com o TalentNexo\" aria-hidden=\"true\" \/><\/div>\n<\/div>\n<div id=\"popover-feed-card-slot\" class=\"popover-slot\">O socorro aprovado pela CLDF na \u00faltima ter\u00e7a-feira (3), permite que o BRB consiga at\u00e9 R$ 6,6 bilh\u00f5es em empr\u00e9stimos e autoriza o governo do Distrito Federal a oferecer at\u00e9 nove terrenos p\u00fablicos como garantia para conseguir o cr\u00e9dito. Entre eles, est\u00e1 a Gleba A, \u00e1rea da Terracap na Serrinha do Parano\u00e1, considerada de prote\u00e7\u00e3o ambiental.<\/div>\n<\/div>\n<\/div>\n<\/div>\n<\/div>\n<p data-t=\"{&quot;n&quot;:&quot;blueLinks&quot;,&quot;t&quot;:13,&quot;a&quot;:&quot;click&quot;,&quot;b&quot;:76}\">No Senado, a CPMI do INSS retoma os trabalhos ap\u00f3s o cancelamento da \u00faltima reuni\u00e3o por doen\u00e7a do relator, o deputado Alfredo Gaspar (Uni\u00e3o-AL). Os depoimentos foram reagendados para esta segunda-feira, 9 de mar\u00e7o, incluindo o do presidente da Dataprev, Rodrigo Assump\u00e7\u00e3o.<\/p>\n<p class=\"\" data-t=\"{&quot;n&quot;:&quot;blueLinks&quot;,&quot;t&quot;:13,&quot;a&quot;:&quot;click&quot;,&quot;b&quot;:76}\">Na quinta-feira, 12 de mar\u00e7o, a comiss\u00e3o deve votar requerimentos de convoca\u00e7\u00e3o e quebra de sigilo, inclusive do empres\u00e1rio Fabiano Zettel, cunhado de Daniel Vorcaro, preso pela Pol\u00edcia Federal na \u00faltima quarta-feira (4). Senadores querem esclarecer o papel de Zettel no esquema investigado e analisam a quebra de seus sigilos fiscal e telef\u00f4nico.<\/p>\n<div class=\"intra-article-module\" data-t=\"{&quot;n&quot;:&quot;intraArticle&quot;,&quot;t&quot;:13}\">\n<div class=\"articlePageIntraArticleFullWidth ad-slot-placeholder left-image-intra-ad full-bleed-image-intra-ad intra-ad-rm-bg intra-ad-rm-h\" data-ad-index=\"2\">\n<div class=\"left-image-intra-ad full-bleed-image-intra-ad\">\n<div class=\"responsive-views-ad-container\">\n<div class=\"root\">\n<div class=\"content-card-container\"><\/div>\n<\/div>\n<div id=\"popover-feed-card-slot\" class=\"popover-slot\">Tamb\u00e9m ser\u00e1 votada a convoca\u00e7\u00e3o do CEO do Banco C6 Consignado, Marcelo Kalim. O presidente da comiss\u00e3o, senador Carlos Viana (Podemos-MG), tamb\u00e9m avalia pedir ao STF a prorroga\u00e7\u00e3o dos trabalhos por mais 60 dias.<\/div>\n<\/div>\n<\/div>\n<\/div>\n<\/div>\n<p data-t=\"{&quot;n&quot;:&quot;blueLinks&quot;,&quot;t&quot;:13,&quot;a&quot;:&quot;click&quot;,&quot;b&quot;:76}\">Enquanto isso, na C\u00e2mara dos Deputados, o presidente Hugo Motta (Republicanos-PB) articula uma agenda mais flex\u00edvel ao longo de mar\u00e7o. O objetivo \u00e9 flexibilizar o calend\u00e1rio para permitir as articula\u00e7\u00f5es pol\u00edticas voltadas para as elei\u00e7\u00f5es de 2026. A proposta, negociada com lideran\u00e7as partid\u00e1rias, prev\u00ea apenas uma semana totalmente presencial e, nas demais, vota\u00e7\u00f5es em modelo h\u00edbrido. A estrat\u00e9gia deve ser discutida em reuni\u00e3o de l\u00edderes marcada para esta segunda-feira (9).<\/p>\n<p data-t=\"{&quot;n&quot;:&quot;blueLinks&quot;,&quot;t&quot;:13,&quot;a&quot;:&quot;click&quot;,&quot;b&quot;:76}\">A Comiss\u00e3o de Constitui\u00e7\u00e3o e Justi\u00e7a de Cidadania da C\u00e2mara tamb\u00e9m vai realizar nesta ter\u00e7a-feira, 10 de mar\u00e7o, uma audi\u00eancia p\u00fablica para discutir a PEC 221\/19, que prop\u00f5e o fim da escala 6\u00d71 e a redu\u00e7\u00e3o da jornada de trabalho. O ministro do Trabalho e Emprego, Luiz Marinho, participar\u00e1 do debate para apresentar avalia\u00e7\u00f5es do governo sobre os poss\u00edveis impactos da medida.<\/p>\n<div class=\"intra-article-module\" data-t=\"{&quot;n&quot;:&quot;intraArticle&quot;,&quot;t&quot;:13}\"><\/div>\n<blockquote class=\"wp-block-quote is-layout-flow wp-block-quote-is-layout-flow\">\n<p data-t=\"{&quot;n&quot;:&quot;blueLinks&quot;,&quot;t&quot;:13,&quot;a&quot;:&quot;click&quot;,&quot;b&quot;:76}\"><em>ais da C\u00e2mara, Senado e STF.<\/em><\/p>\n<\/blockquote>\n","protected":false},"excerpt":{"rendered":"<p>A divulga\u00e7\u00e3o fez o Supremo voltar ao centro da crise, ap\u00f3s ter conseguido diminuir a press\u00e3o com a sa\u00edda do ministro Dias Toffoli da relatoria do caso. A Corte analisa a partir desta sexta-feira, 13 de mar\u00e7o, a decis\u00e3o do ministro Andr\u00e9 Mendon\u00e7a que determinou a\u00a0pris\u00e3o de Vorcaro. O julgamento ocorre na segunda turma, via [&hellip;]<\/p>\n","protected":false},"author":3,"featured_media":20714,"comment_status":"closed","ping_status":"closed","sticky":false,"template":"","format":"standard","meta":{"_links_to":"","_links_to_target":""},"categories":[1],"tags":[],"_links":{"self":[{"href":"https:\/\/www.correiodascidades.com.br\/v1\/wp-json\/wp\/v2\/posts\/20713"}],"collection":[{"href":"https:\/\/www.correiodascidades.com.br\/v1\/wp-json\/wp\/v2\/posts"}],"about":[{"href":"https:\/\/www.correiodascidades.com.br\/v1\/wp-json\/wp\/v2\/types\/post"}],"author":[{"embeddable":true,"href":"https:\/\/www.correiodascidades.com.br\/v1\/wp-json\/wp\/v2\/users\/3"}],"replies":[{"embeddable":true,"href":"https:\/\/www.correiodascidades.com.br\/v1\/wp-json\/wp\/v2\/comments?post=20713"}],"version-history":[{"count":1,"href":"https:\/\/www.correiodascidades.com.br\/v1\/wp-json\/wp\/v2\/posts\/20713\/revisions"}],"predecessor-version":[{"id":20715,"href":"https:\/\/www.correiodascidades.com.br\/v1\/wp-json\/wp\/v2\/posts\/20713\/revisions\/20715"}],"wp:featuredmedia":[{"embeddable":true,"href":"https:\/\/www.correiodascidades.com.br\/v1\/wp-json\/wp\/v2\/media\/20714"}],"wp:attachment":[{"href":"https:\/\/www.correiodascidades.com.br\/v1\/wp-json\/wp\/v2\/media?parent=20713"}],"wp:term":[{"taxonomy":"category","embeddable":true,"href":"https:\/\/www.correiodascidades.com.br\/v1\/wp-json\/wp\/v2\/categories?post=20713"},{"taxonomy":"post_tag","embeddable":true,"href":"https:\/\/www.correiodascidades.com.br\/v1\/wp-json\/wp\/v2\/tags?post=20713"}],"curies":[{"name":"wp","href":"https:\/\/api.w.org\/{rel}","templated":true}]}}