{"id":2072,"date":"2022-12-18T14:49:28","date_gmt":"2022-12-18T17:49:28","guid":{"rendered":"https:\/\/www.correiodascidades.com.br\/v1\/?p=2072"},"modified":"2022-12-18T15:11:21","modified_gmt":"2022-12-18T18:11:21","slug":"argentina-e-a-grande-campea-da-copa-do-mundo","status":"publish","type":"post","link":"https:\/\/www.correiodascidades.com.br\/v1\/2022\/12\/18\/argentina-e-a-grande-campea-da-copa-do-mundo\/","title":{"rendered":"Argentina \u00e9 a grande Campe\u00e3 da Copa do Mundo"},"content":{"rendered":"<p><img loading=\"lazy\" class=\"\" src=\"https:\/\/www.correiodascidades.com.br\/v1\/wp-content\/uploads\/2022\/12\/transferir-_4_.jpeg\" width=\"609\" height=\"341\" \/><\/p>\n<p><span class=\"dropcap \">F<\/span>ran\u00e7a e Argentina disputaram o trof\u00e9u de melhor clube do mundo de futebol. Deu argentina! a partirda teve inicio\u00a0 \u00e1s 12h (hor\u00e1rio de Bras\u00edlia) deste domingo (18) no Est\u00e1dio de Lusail, o t\u00edtulo da Copa do Catar. Tanto para europeus como para sul-americanos era a oportunidade de alcan\u00e7arem o terceiro t\u00edtulo na competi\u00e7\u00e3o.<img src=\"https:\/\/agenciabrasil.ebc.com.br\/ebc.png?id=1499005&amp;o=node\" data-pin-no-hover=\"true\" \/><img src=\"https:\/\/agenciabrasil.ebc.com.br\/ebc.gif?id=1499005&amp;o=node\" data-pin-no-hover=\"true\" \/><!--more--><\/p>\n<p>Ap\u00f3s a conquista do \u00faltimo Mundial, em 2018 (R\u00fassia), os franceses chegaram com certo favoritismo. Os Franceses contavam com uma gera\u00e7\u00e3o talentosa de jogadores, que tem o atacante Kylian Mbapp\u00e9 como expoente, a Fran\u00e7a queria igualar um feito que apenas o Brasil tem em Copas, alcan\u00e7ar um bicampeonato consecutivo (a sele\u00e7\u00e3o brasileira triunfou nos mundiais de 1958 e de 1962).<\/p>\n<p>Para isto, a equipe comandada pelo t\u00e9cnico Didier Deschamps teve que superar uma sequ\u00eancia de les\u00f5es que afastou nomes como os dos meios-campistas N\u2019Golo Kant\u00e9 e Paul Pogba e do atacante Karim Benzema, atual detentor do pr\u00eamio de melhor jogador do mundo. Talvez ai a raz\u00e3o para o fracasso.<\/p>\n<p>O t\u00e9cnico Didier Deschamps deixou claro, em coletiva no \u00faltimo s\u00e1bado (17), que sabia que iria ter um desafio extra, o apoio dos apaixonados torcedores argentinos presentes no Est\u00e1dio de Lusail (milhares de torcedores chegaram ao Catar nos \u00faltimos dias para acompanharem a decis\u00e3o): Esse 12\u00ba jogador que fez a difer\u00ean\u00e3 juntamente com Merssy e D &#8216;Maria, que juntos deram o tom da conquista. Merssy, fez de peenalty logo no inicio da partida, e D&#8217;Maria em um bola vinda da direita que ele s\u00f3 fez imendar para dentro do gol aumentando o placar.<\/p>\n<p>A Argentina\u00a0 chegou a sua terceira copa do mundo vencedora gra\u00e7as a grande equipe que tem e aos dois gols do atacante Messy na partida que terminou empatada no tempo normal. (3&#215;3) Copa do Mundo\u00a0 1978, em sua casa, e em 1986, no M\u00e9xico). E agora no Catar. 2022, o ano da despedida de Merssy.<\/p>\n<p>Disputando o seu \u00faltimo Mundial pela sele\u00e7\u00e3o de seu pa\u00eds, o atacante buscou no Catar o t\u00edtulo que ainda faltava em sua vitoriosa carreira.E isso aconteceu na tarde deste domingo 18 de Dezembro de 2022. Argentina Cape\u00e3 mundial nos penaltis.<\/p>\n","protected":false},"excerpt":{"rendered":"<p>Fran\u00e7a e Argentina disputaram o trof\u00e9u de melhor clube do mundo de futebol. Deu argentina! a partirda teve inicio\u00a0 \u00e1s 12h (hor\u00e1rio de Bras\u00edlia) deste domingo (18) no Est\u00e1dio de Lusail, o t\u00edtulo da Copa do Catar. Tanto para europeus como para sul-americanos era a oportunidade de alcan\u00e7arem o terceiro t\u00edtulo na competi\u00e7\u00e3o.<\/p>\n","protected":false},"author":3,"featured_media":2073,"comment_status":"closed","ping_status":"closed","sticky":false,"template":"","format":"standard","meta":{"_links_to":"","_links_to_target":""},"categories":[2],"tags":[],"_links":{"self":[{"href":"https:\/\/www.correiodascidades.com.br\/v1\/wp-json\/wp\/v2\/posts\/2072"}],"collection":[{"href":"https:\/\/www.correiodascidades.com.br\/v1\/wp-json\/wp\/v2\/posts"}],"about":[{"href":"https:\/\/www.correiodascidades.com.br\/v1\/wp-json\/wp\/v2\/types\/post"}],"author":[{"embeddable":true,"href":"https:\/\/www.correiodascidades.com.br\/v1\/wp-json\/wp\/v2\/users\/3"}],"replies":[{"embeddable":true,"href":"https:\/\/www.correiodascidades.com.br\/v1\/wp-json\/wp\/v2\/comments?post=2072"}],"version-history":[{"count":3,"href":"https:\/\/www.correiodascidades.com.br\/v1\/wp-json\/wp\/v2\/posts\/2072\/revisions"}],"predecessor-version":[{"id":2076,"href":"https:\/\/www.correiodascidades.com.br\/v1\/wp-json\/wp\/v2\/posts\/2072\/revisions\/2076"}],"wp:featuredmedia":[{"embeddable":true,"href":"https:\/\/www.correiodascidades.com.br\/v1\/wp-json\/wp\/v2\/media\/2073"}],"wp:attachment":[{"href":"https:\/\/www.correiodascidades.com.br\/v1\/wp-json\/wp\/v2\/media?parent=2072"}],"wp:term":[{"taxonomy":"category","embeddable":true,"href":"https:\/\/www.correiodascidades.com.br\/v1\/wp-json\/wp\/v2\/categories?post=2072"},{"taxonomy":"post_tag","embeddable":true,"href":"https:\/\/www.correiodascidades.com.br\/v1\/wp-json\/wp\/v2\/tags?post=2072"}],"curies":[{"name":"wp","href":"https:\/\/api.w.org\/{rel}","templated":true}]}}