{"id":20739,"date":"2026-03-11T16:20:09","date_gmt":"2026-03-11T19:20:09","guid":{"rendered":"https:\/\/www.correiodascidades.com.br\/v1\/?p=20739"},"modified":"2026-03-11T16:38:44","modified_gmt":"2026-03-11T19:38:44","slug":"ilheus-colisao-na-rodovia-presidente-tancredo-neves","status":"publish","type":"post","link":"https:\/\/www.correiodascidades.com.br\/v1\/2026\/03\/11\/ilheus-colisao-na-rodovia-presidente-tancredo-neves\/","title":{"rendered":"ILH\u00c9US: Colis\u00e3o na Rodovia Presidente Tancredo Neves Nova Orla da cidade"},"content":{"rendered":"<p><img loading=\"lazy\" class=\"\" src=\"https:\/\/www.correiodascidades.com.br\/v1\/wp-content\/uploads\/2026\/03\/2eee4182-8ee6-43b8-962f-6a5082fdba4f-acidente.jpg\" width=\"529\" height=\"942\" \/><\/p>\n<p>Na tarde desta quarta-feira (11), um acidente envolvendo um carro de passeio ve\u00edculo (Fiat &#8211; Cronos), cor Branca, Placa Policial \u2013 (PPX7G46), teve sua parte traseira colidida por uma moto que seguia na mesma dire\u00e7\u00e3o sentido centro da cidade.<\/p>\n<p>De acordo com a propriet\u00e1ria do ve\u00edculo a senhora, L\u00edvia Maria Cabral a mesma caminhava de forma tranquila quando ao parar na passagem de pedestre para travessia de uma transeunte o condutor da moto Twist Vermelha, n\u00e3o teve como frear para evitar, acontecendo assim o acidente. <!--more--><\/p>\n<p>O motociclista, Arklei Vitor de Santana um trabalhador no segmento de higiene de estofados, ele disse a reportagem do Correio das Cidades, que estava vindo de um supermercado e seguia sentido centro quando aconteceu o acidente. O mesmo\u00a0 caiu com o impacto da batida e teve v\u00e1rias fraturas pelo corpo ele recebeu atendimento m\u00e9dico do SAMU, sendo conduzido ao Hospital Costa do Cacau\u00a0 para exames detalhados pois, no corpo dele ficou vis\u00edvel v\u00e1rias fraturas, o homem reside na cidade de Ilh\u00e9us no Bairro Nelson Costa &#8211; sendo natural da cidade de Camac\u00e3.\u00a0 A equipe da ROTAM 69 &#8211; sob o comando do SGT Moura e equipe estiveram presente no local dando apoio at\u00e9 a chegada do Pelot\u00e3o Rodovi\u00e1rio Ostensivo T\u00e1tico, principal respons\u00e1vel pelo local, j\u00e1 que ali \u00e9 uma BA.<\/p>\n<p>Este \u00e9 o relato.<\/p>\n<p>Reda\u00e7\u00e3o: Correio das cidades<\/p>\n<p>&nbsp;<\/p>\n","protected":false},"excerpt":{"rendered":"<p>Na tarde desta quarta-feira (11), um acidente envolvendo um carro de passeio ve\u00edculo (Fiat &#8211; Cronos), cor Branca, Placa Policial \u2013 (PPX7G46), teve sua parte traseira colidida por uma moto que seguia na mesma dire\u00e7\u00e3o sentido centro da cidade. De acordo com a propriet\u00e1ria do ve\u00edculo a senhora, L\u00edvia Maria Cabral a mesma caminhava de [&hellip;]<\/p>\n","protected":false},"author":3,"featured_media":20740,"comment_status":"closed","ping_status":"closed","sticky":false,"template":"","format":"standard","meta":{"_links_to":"","_links_to_target":""},"categories":[1],"tags":[],"_links":{"self":[{"href":"https:\/\/www.correiodascidades.com.br\/v1\/wp-json\/wp\/v2\/posts\/20739"}],"collection":[{"href":"https:\/\/www.correiodascidades.com.br\/v1\/wp-json\/wp\/v2\/posts"}],"about":[{"href":"https:\/\/www.correiodascidades.com.br\/v1\/wp-json\/wp\/v2\/types\/post"}],"author":[{"embeddable":true,"href":"https:\/\/www.correiodascidades.com.br\/v1\/wp-json\/wp\/v2\/users\/3"}],"replies":[{"embeddable":true,"href":"https:\/\/www.correiodascidades.com.br\/v1\/wp-json\/wp\/v2\/comments?post=20739"}],"version-history":[{"count":7,"href":"https:\/\/www.correiodascidades.com.br\/v1\/wp-json\/wp\/v2\/posts\/20739\/revisions"}],"predecessor-version":[{"id":20747,"href":"https:\/\/www.correiodascidades.com.br\/v1\/wp-json\/wp\/v2\/posts\/20739\/revisions\/20747"}],"wp:featuredmedia":[{"embeddable":true,"href":"https:\/\/www.correiodascidades.com.br\/v1\/wp-json\/wp\/v2\/media\/20740"}],"wp:attachment":[{"href":"https:\/\/www.correiodascidades.com.br\/v1\/wp-json\/wp\/v2\/media?parent=20739"}],"wp:term":[{"taxonomy":"category","embeddable":true,"href":"https:\/\/www.correiodascidades.com.br\/v1\/wp-json\/wp\/v2\/categories?post=20739"},{"taxonomy":"post_tag","embeddable":true,"href":"https:\/\/www.correiodascidades.com.br\/v1\/wp-json\/wp\/v2\/tags?post=20739"}],"curies":[{"name":"wp","href":"https:\/\/api.w.org\/{rel}","templated":true}]}}