{"id":20930,"date":"2026-03-28T20:42:16","date_gmt":"2026-03-28T23:42:16","guid":{"rendered":"https:\/\/www.correiodascidades.com.br\/v1\/?p=20930"},"modified":"2026-03-28T20:42:16","modified_gmt":"2026-03-28T23:42:16","slug":"vinganca-mulher-e-presa-por-esfaquear-vizinha-na-bahia","status":"publish","type":"post","link":"https:\/\/www.correiodascidades.com.br\/v1\/2026\/03\/28\/vinganca-mulher-e-presa-por-esfaquear-vizinha-na-bahia\/","title":{"rendered":"Vingan\u00e7a: mulher \u00e9 presa por esfaquear vizinha na Bahia"},"content":{"rendered":"<header>\n<h2><\/h2>\n<\/header>\n<figure class=\"mw-article-head-image\" data-article-id=\"1384135\"><picture><source srcset=\"https:\/\/cdn.atarde.com.br\/img\/Artigo-Destaque\/1380000\/500x300\/vinganca-mulher-e-presa-por-esfaquear-vizinha-na-b0138413500202603281949-ScaleDownProportional.webp?fallback=https%3A%2F%2Fcdn.atarde.com.br%2Fimg%2FArtigo-Destaque%2F1380000%2Fvinganca-mulher-e-presa-por-esfaquear-vizinha-na-b0138413500202603281949.webp%3Fxid%3D7029422%26resize%3D1000%252C500%26t%3D1774738786&amp;xid=7029422\" media=\"(max-width: 768px)\" \/><source srcset=\"https:\/\/cdn.atarde.com.br\/img\/Artigo-Destaque\/1380000\/1200x720\/vinganca-mulher-e-presa-por-esfaquear-vizinha-na-b0138413500202603281949-ScaleDownProportional.webp?fallback=https%3A%2F%2Fcdn.atarde.com.br%2Fimg%2FArtigo-Destaque%2F1380000%2Fvinganca-mulher-e-presa-por-esfaquear-vizinha-na-b0138413500202603281949.webp%3Fxid%3D7029422%26resize%3D1000%252C500%26t%3D1774738786&amp;xid=7029422\" media=\"(min-width: 768px)\" \/><img loading=\"lazy\" class=\"\" src=\"https:\/\/cdn.atarde.com.br\/img\/Artigo-Destaque\/1380000\/1200x720\/vinganca-mulher-e-presa-por-esfaquear-vizinha-na-b0138413500202603281949-ScaleDownProportional.webp?fallback=https%3A%2F%2Fcdn.atarde.com.br%2Fimg%2FArtigo-Destaque%2F1380000%2Fvinganca-mulher-e-presa-por-esfaquear-vizinha-na-b0138413500202603281949.webp%3Fxid%3D7029422%26resize%3D1000%252C500%26t%3D1774738786&amp;xid=7029422\" alt=\"Mulher \u00e9 presa por esfaquear vizinha por vingan\u00e7a\" width=\"572\" height=\"381\" data-cls=\"\" \/><\/picture><\/figure>\n<div class=\"mw-image-info\"><span class=\"mw-image-description\">Mulher \u00e9 presa por esfaquear vizinha por vingan\u00e7a &#8211;\u00a0<label class=\"mw-image-author\">Foto: Divulga\u00e7\u00e3o Ascom-PCBA<\/label><\/span><\/div>\n<article id=\"article\">Uma\u00a0<a href=\"https:\/\/atarde.com.br\/?q=mulher\" target=\"_blank\" rel=\"noopener\" data-rel-defined=\"\">mulher<\/a>\u00a0de 37 anos suspeita de\u00a0<a href=\"https:\/\/atarde.com.br\/?q=esfaquear\" target=\"_blank\" rel=\"noopener\" data-rel-defined=\"\">esfaquear<\/a>\u00a0uma vizinha por registrar uma ocorr\u00eancia policial contra a irm\u00e3 dela, foi presa nesta sexta-feira, 27, em Ia\u00e7u, na\u00a0<a href=\"https:\/\/atarde.com.br\/bahia\" target=\"_blank\" rel=\"noopener\" data-rel-defined=\"\">Bahia<\/a>.<\/p>\n<\/article>\n<p><!--more--><\/p>\n<p>O crime aconteceu no ano de 2025, de acordo com as investiga\u00e7\u00f5es da\u00a0<a href=\"https:\/\/atarde.com.br\/policia?d=1\" target=\"_blank\" rel=\"noopener\" data-rel-defined=\"\">Pol\u00edcia Civil<\/a>, a motiva\u00e7\u00e3o da suspeita foi um registro de uma ocorr\u00eancia policial feita pela sua vizinha contra sua irm\u00e3.<\/p>\n<p>De acordo com a Pol\u00edcia Civil, a mulher foi conduzida \u00e0 Delegacia Territorial (DT\/Ia\u00e7u) e depois foi encaminhada para Itaberaba, onde segue \u00e0 disposi\u00e7\u00e3o da Justi\u00e7a.<\/p>\n<p>Durante a a\u00e7\u00e3o integrada das pol\u00edcias Civil e Militar, al\u00e9m do cumprimento do mandado de pris\u00e3o preventiva por tentativa de homic\u00eddio, tamb\u00e9m foram cumpridos tr\u00eas mandados de busca e apreens\u00e3o.<\/p>\n<p>A a\u00e7\u00e3o foi realizada pela DT de Ia\u00e7u, com o apoio do N\u00facleo Especializado de Atendimento \u00e0 Mulher (Neam\/Itaberaba) e da 4\u00aa Companhia Independente de Pol\u00edcia Militar do 11\u00b0 Batalh\u00e3o de Pol\u00edcia Militar (BPM).<\/p>\n<p>&nbsp;<\/p>\n<p>&nbsp;<\/p>\n","protected":false},"excerpt":{"rendered":"<p>Mulher \u00e9 presa por esfaquear vizinha por vingan\u00e7a &#8211;\u00a0Foto: Divulga\u00e7\u00e3o Ascom-PCBA Uma\u00a0mulher\u00a0de 37 anos suspeita de\u00a0esfaquear\u00a0uma vizinha por registrar uma ocorr\u00eancia policial contra a irm\u00e3 dela, foi presa nesta sexta-feira, 27, em Ia\u00e7u, na\u00a0Bahia.<\/p>\n","protected":false},"author":3,"featured_media":20931,"comment_status":"closed","ping_status":"closed","sticky":false,"template":"","format":"standard","meta":{"_links_to":"","_links_to_target":""},"categories":[1],"tags":[],"_links":{"self":[{"href":"https:\/\/www.correiodascidades.com.br\/v1\/wp-json\/wp\/v2\/posts\/20930"}],"collection":[{"href":"https:\/\/www.correiodascidades.com.br\/v1\/wp-json\/wp\/v2\/posts"}],"about":[{"href":"https:\/\/www.correiodascidades.com.br\/v1\/wp-json\/wp\/v2\/types\/post"}],"author":[{"embeddable":true,"href":"https:\/\/www.correiodascidades.com.br\/v1\/wp-json\/wp\/v2\/users\/3"}],"replies":[{"embeddable":true,"href":"https:\/\/www.correiodascidades.com.br\/v1\/wp-json\/wp\/v2\/comments?post=20930"}],"version-history":[{"count":1,"href":"https:\/\/www.correiodascidades.com.br\/v1\/wp-json\/wp\/v2\/posts\/20930\/revisions"}],"predecessor-version":[{"id":20932,"href":"https:\/\/www.correiodascidades.com.br\/v1\/wp-json\/wp\/v2\/posts\/20930\/revisions\/20932"}],"wp:featuredmedia":[{"embeddable":true,"href":"https:\/\/www.correiodascidades.com.br\/v1\/wp-json\/wp\/v2\/media\/20931"}],"wp:attachment":[{"href":"https:\/\/www.correiodascidades.com.br\/v1\/wp-json\/wp\/v2\/media?parent=20930"}],"wp:term":[{"taxonomy":"category","embeddable":true,"href":"https:\/\/www.correiodascidades.com.br\/v1\/wp-json\/wp\/v2\/categories?post=20930"},{"taxonomy":"post_tag","embeddable":true,"href":"https:\/\/www.correiodascidades.com.br\/v1\/wp-json\/wp\/v2\/tags?post=20930"}],"curies":[{"name":"wp","href":"https:\/\/api.w.org\/{rel}","templated":true}]}}