{"id":20936,"date":"2026-03-28T21:42:31","date_gmt":"2026-03-29T00:42:31","guid":{"rendered":"https:\/\/www.correiodascidades.com.br\/v1\/?p=20936"},"modified":"2026-03-28T21:42:31","modified_gmt":"2026-03-29T00:42:31","slug":"forcas-estaduais-e-federais-da-bahia-e-do-ceara-capturam-em-fortaleza-lider-de-faccao","status":"publish","type":"post","link":"https:\/\/www.correiodascidades.com.br\/v1\/2026\/03\/28\/forcas-estaduais-e-federais-da-bahia-e-do-ceara-capturam-em-fortaleza-lider-de-faccao\/","title":{"rendered":"For\u00e7as Estaduais e Federais da Bahia e do Cear\u00e1 capturam em Fortaleza l\u00edder de fac\u00e7\u00e3o"},"content":{"rendered":"<div id=\"block-bagov-base-titulodapagina\" class=\"block block-core block-page-title-block\">\n<h5><img src=\"https:\/\/www.correiodascidades.com.br\/v1\/wp-content\/uploads\/2026\/03\/523026ba-1fb9-4340-88e5-cde2b7a1db50.jpeg-1.jpeg\" \/><\/h5>\n<h5 class=\"field--name-title field--name-subtitle\">Traficante, que possu\u00eda mandado de pris\u00e3o, foi flagrado com arma e muni\u00e7\u00f5es na tarde deste s\u00e1bado (28)<span style=\"font-size: 16px;\">For\u00e7as Estaduais e Federais da Seguran\u00e7a P\u00fablica da Bahia e do Cear\u00e1 capturaram na tarde deste s\u00e1bado (28), na cidade de Fortaleza, o l\u00edder de uma fac\u00e7\u00e3o com atua\u00e7\u00e3o na cidade baiana de S\u00e3o Francisco do Conde.<\/span><\/h5>\n<\/div>\n<p><!--more--><\/p>\n<article class=\"node node--type-noticia node--view-mode-full\" data-history-node-id=\"24529\">\n<div class=\"node__content\">\n<div class=\"clearfix text-formatted field field--name-body field--type-text-with-summary field--label-hidden field__item\">\n<p>Preso na capital cearense durante a Opera\u00e7\u00e3o Artemis, o traficante e tamb\u00e9m homicida, que possu\u00eda mandado de pris\u00e3o, foi flagrado com arma e muni\u00e7\u00f5es.<\/p>\n<p>Participaram da a\u00e7\u00e3o integrada equipes da For\u00e7a Integrada de Combate ao Crime Organizado (FICCO) Bahia, da Pol\u00edcia Civil baiana (DHPP), da FICCO Cear\u00e1 e da Pol\u00edcia Militar cearense.<\/p>\n<p>O l\u00edder de fac\u00e7\u00e3o \u00e9 investigado por participa\u00e7\u00e3o direta em homic\u00eddios na Regi\u00e3o Metropolitana de Salvador, al\u00e9m dos crimes de tr\u00e1ficos de drogas e armas, corrup\u00e7\u00e3o de menores, lavagem de dinheiro e roubo.<\/p>\n<p>As For\u00e7as Estaduais e Federais da Bahia seguem com as a\u00e7\u00f5es de intelig\u00eancia para capturar integrantes de fac\u00e7\u00f5es.<\/p>\n<\/div>\n<\/div>\n<\/article>\n","protected":false},"excerpt":{"rendered":"<p>Traficante, que possu\u00eda mandado de pris\u00e3o, foi flagrado com arma e muni\u00e7\u00f5es na tarde deste s\u00e1bado (28)For\u00e7as Estaduais e Federais da Seguran\u00e7a P\u00fablica da Bahia e do Cear\u00e1 capturaram na tarde deste s\u00e1bado (28), na cidade de Fortaleza, o l\u00edder de uma fac\u00e7\u00e3o com atua\u00e7\u00e3o na cidade baiana de S\u00e3o Francisco do Conde.<\/p>\n","protected":false},"author":3,"featured_media":20937,"comment_status":"closed","ping_status":"closed","sticky":false,"template":"","format":"standard","meta":{"_links_to":"","_links_to_target":""},"categories":[1],"tags":[],"_links":{"self":[{"href":"https:\/\/www.correiodascidades.com.br\/v1\/wp-json\/wp\/v2\/posts\/20936"}],"collection":[{"href":"https:\/\/www.correiodascidades.com.br\/v1\/wp-json\/wp\/v2\/posts"}],"about":[{"href":"https:\/\/www.correiodascidades.com.br\/v1\/wp-json\/wp\/v2\/types\/post"}],"author":[{"embeddable":true,"href":"https:\/\/www.correiodascidades.com.br\/v1\/wp-json\/wp\/v2\/users\/3"}],"replies":[{"embeddable":true,"href":"https:\/\/www.correiodascidades.com.br\/v1\/wp-json\/wp\/v2\/comments?post=20936"}],"version-history":[{"count":1,"href":"https:\/\/www.correiodascidades.com.br\/v1\/wp-json\/wp\/v2\/posts\/20936\/revisions"}],"predecessor-version":[{"id":20938,"href":"https:\/\/www.correiodascidades.com.br\/v1\/wp-json\/wp\/v2\/posts\/20936\/revisions\/20938"}],"wp:featuredmedia":[{"embeddable":true,"href":"https:\/\/www.correiodascidades.com.br\/v1\/wp-json\/wp\/v2\/media\/20937"}],"wp:attachment":[{"href":"https:\/\/www.correiodascidades.com.br\/v1\/wp-json\/wp\/v2\/media?parent=20936"}],"wp:term":[{"taxonomy":"category","embeddable":true,"href":"https:\/\/www.correiodascidades.com.br\/v1\/wp-json\/wp\/v2\/categories?post=20936"},{"taxonomy":"post_tag","embeddable":true,"href":"https:\/\/www.correiodascidades.com.br\/v1\/wp-json\/wp\/v2\/tags?post=20936"}],"curies":[{"name":"wp","href":"https:\/\/api.w.org\/{rel}","templated":true}]}}