{"id":20939,"date":"2026-03-29T04:38:29","date_gmt":"2026-03-29T07:38:29","guid":{"rendered":"https:\/\/www.correiodascidades.com.br\/v1\/?p=20939"},"modified":"2026-03-29T05:19:22","modified_gmt":"2026-03-29T08:19:22","slug":"festa-de-cavalgada-termina-em-tiros-e-mortes-em-canavieiras-bahia","status":"publish","type":"post","link":"https:\/\/www.correiodascidades.com.br\/v1\/2026\/03\/29\/festa-de-cavalgada-termina-em-tiros-e-mortes-em-canavieiras-bahia\/","title":{"rendered":"Festa de cavalgada termina em tiros e mortes em Canavieiras Bahia."},"content":{"rendered":"<p><img loading=\"lazy\" class=\"\" src=\"https:\/\/www.correiodascidades.com.br\/v1\/wp-content\/uploads\/2026\/03\/WhatsApp-Image-2026-03-29-at-04.30.21.jpeg\" width=\"364\" height=\"418\" \/><\/p>\n<p>A cavalgada denominada (Comitiva Bons Amigos) teve um final que contrariou o nome do evento e a ideia maior que era reunir amigos dentro do que seria uma grande festa .<\/p>\n<p>De maneira inexplic\u00e1vel duas pessoas foram mortas e outras tr\u00eas ficaram feridas quando participavam do referido evento atingidos por disparos de arma de fogo. A raz\u00e3o da selvageria ainda n\u00e3o foi esclarecida pelas autoridades que investiga o caso.\u00a0 <!--more--><\/p>\n<p>O que se tem de informa\u00e7\u00e3o \u00e9 que v\u00e1rios tiros foram efetuados provocando um terror muito grande no local.<\/p>\n<p>Muitas pessoas\u00a0 participavam da festa e tudo ocorria de forma normal, quando foram ouvidos os estampidos de tiros. Um homem e uma mulher infelizmente vieram a \u00f3bito. O homem era conhecido por Mazinho &#8211; comerciante, e uma mulher conhecida por Isamara Duarte. Os outros atingidos foram encaminhados para o Hospital da pr\u00f3pria cidade. A policia informou que vai investigar o caso.<\/p>\n","protected":false},"excerpt":{"rendered":"<p>A cavalgada denominada (Comitiva Bons Amigos) teve um final que contrariou o nome do evento e a ideia maior que era reunir amigos dentro do que seria uma grande festa . De maneira inexplic\u00e1vel duas pessoas foram mortas e outras tr\u00eas ficaram feridas quando participavam do referido evento atingidos por disparos de arma de fogo. [&hellip;]<\/p>\n","protected":false},"author":3,"featured_media":20940,"comment_status":"closed","ping_status":"closed","sticky":false,"template":"","format":"standard","meta":{"_links_to":"","_links_to_target":""},"categories":[1],"tags":[],"_links":{"self":[{"href":"https:\/\/www.correiodascidades.com.br\/v1\/wp-json\/wp\/v2\/posts\/20939"}],"collection":[{"href":"https:\/\/www.correiodascidades.com.br\/v1\/wp-json\/wp\/v2\/posts"}],"about":[{"href":"https:\/\/www.correiodascidades.com.br\/v1\/wp-json\/wp\/v2\/types\/post"}],"author":[{"embeddable":true,"href":"https:\/\/www.correiodascidades.com.br\/v1\/wp-json\/wp\/v2\/users\/3"}],"replies":[{"embeddable":true,"href":"https:\/\/www.correiodascidades.com.br\/v1\/wp-json\/wp\/v2\/comments?post=20939"}],"version-history":[{"count":6,"href":"https:\/\/www.correiodascidades.com.br\/v1\/wp-json\/wp\/v2\/posts\/20939\/revisions"}],"predecessor-version":[{"id":20946,"href":"https:\/\/www.correiodascidades.com.br\/v1\/wp-json\/wp\/v2\/posts\/20939\/revisions\/20946"}],"wp:featuredmedia":[{"embeddable":true,"href":"https:\/\/www.correiodascidades.com.br\/v1\/wp-json\/wp\/v2\/media\/20940"}],"wp:attachment":[{"href":"https:\/\/www.correiodascidades.com.br\/v1\/wp-json\/wp\/v2\/media?parent=20939"}],"wp:term":[{"taxonomy":"category","embeddable":true,"href":"https:\/\/www.correiodascidades.com.br\/v1\/wp-json\/wp\/v2\/categories?post=20939"},{"taxonomy":"post_tag","embeddable":true,"href":"https:\/\/www.correiodascidades.com.br\/v1\/wp-json\/wp\/v2\/tags?post=20939"}],"curies":[{"name":"wp","href":"https:\/\/api.w.org\/{rel}","templated":true}]}}