{"id":20947,"date":"2026-03-29T06:10:01","date_gmt":"2026-03-29T09:10:01","guid":{"rendered":"https:\/\/www.correiodascidades.com.br\/v1\/?p=20947"},"modified":"2026-03-29T06:10:01","modified_gmt":"2026-03-29T09:10:01","slug":"ilheense-rodrigo-melo-lanca-novo-livro-leia-texto-de-abertura","status":"publish","type":"post","link":"https:\/\/www.correiodascidades.com.br\/v1\/2026\/03\/29\/ilheense-rodrigo-melo-lanca-novo-livro-leia-texto-de-abertura\/","title":{"rendered":"ILHEENSE RODRIGO MELO LAN\u00c7A NOVO LIVRO; LEIA TEXTO DE ABERTURA"},"content":{"rendered":"<p>Essa mat\u00e9ria foi publicada no Blog Pimenta no dia 17 de mar\u00e7o de 2026. Texto curto, objetivo com leitura dinamica. Repostagem\u00a0 &#8211; Correio.<\/p>\n<p><img src=\"https:\/\/www.correiodascidades.com.br\/v1\/wp-content\/uploads\/2026\/03\/ILHEENSE-RODRIGO-MELO-LANCA-NOVO-LIVRO-LEIA-TEXTO-DE-ABERTURA-e1773776862218-Rodrigo-Mello.jpeg\" \/><\/p>\n<p>O escritor ilheense Rodrigo Melo acaba de lan\u00e7ar seu quinto livro, O Cavalo do Bandido Sempre Sai na Frente. A obra re\u00fane 20 textos, que revisitam a cr\u00f4nica liter\u00e1ria a partir do estilo marcante do autor, um mestre da concis\u00e3o e da autoironia.\u00a0 <!--more--><\/p>\n<p>Tamb\u00e9m est\u00e1 ali a caracter\u00edstica que atravessa as obras dos grandes cronistas, a capacidade de transformar o cotidiano mais banal em mat\u00e9ria-prima liter\u00e1ria. Desse olhar acurado para o mundo da vida, nasce uma escrita fluida, que leva o leitor do riso \u00e0 reflex\u00e3o numa frase.<\/p>\n<p>Para o jornalista Thiago Dias, do PIMENTA, Rodrigo Melo faz justi\u00e7a \u00e0 tradi\u00e7\u00e3o da cr\u00f4nica brasileira. \u201c\u00c9 um autor em que a sofistica\u00e7\u00e3o est\u00e1 na escrita simples, na busca pela comunica\u00e7\u00e3o direta e \u00edntima com o leitor, um Lu\u00eds Fernando Ver\u00edssimo ou Fernando Sabino grapi\u00fana\u201d.<\/p>\n<p>O Cavalo do Bandido Sempre Sai na Frente foi editado pela P55 e est\u00e1 dispon\u00edvel para compra no\u00a0<strong><a href=\"https:\/\/p55.com.br\/produto\/o-cavalo-do-bandido-sempre-sai-na-frente\/\" target=\"_blank\" rel=\"noopener\">site da editora<\/a><\/strong>. Abaixo, leia o texto de abertura do livro.<\/p>\n<p><strong>UMA QUEDA TERR\u00cdVEL<\/strong><\/p>\n<p><strong>Rodrigo Melo<\/strong><\/p>\n<p>Dia desses, conversando com um amigo sobre vexames passados em p\u00fablico, recordei de uma queda que levei em um show de pagode. N\u00e3o me pergunte como parei l\u00e1, mas lembro que estava \u00e9brio e lan\u00e7ava o meu charme para uma morena que, embaixo de um toldo, fugia da garoa. Tinha os cabelos negros, que se derramavam at\u00e9 o meio das costas, e um desses olhares que chamam a gente. Eu sorria e ela, entre outras duas morenas, sorria de volta, e o seu jeito era encantador. Uma hora, peguei coragem e fui em sua dire\u00e7\u00e3o.<\/p>\n<p>Acontece, no entanto, que o local do show era aberto, havia chovido bastante naquela noite e os produtores do evento, talvez por medo de algum processo, colocaram t\u00e1buas de madeira, como uma esp\u00e9cie de ponte ou tapete, para que as pessoas n\u00e3o escorregassem na lama grossa e trai\u00e7oeira do lugar. E acontece tamb\u00e9m que, al\u00e9m de estar \u00e9brio, os meus sapatos estavam gastos, os solados n\u00e3o dispunham do m\u00ednimo de ader\u00eancia, eram lisos como um piso encerado. Mas nada daquilo importava: eu tinha um objetivo e seguia, confiante, rumo a ele, crente que a roda da vida giraria e tudo enfim se tornaria um eterno mar de rosas, quando, do nada, o ch\u00e3o desapareceu sob os meus p\u00e9s e, por um ou dois segundos, me vi suspenso, planando no ar \u2014 tempo suficiente para recapitular toda a minha exist\u00eancia, que j\u00e1 tinha uma razo\u00e1vel quilometragem \u2014, e, em seguida, me esborrachei de vez sobre a \u00e1gua e a po\u00e7a de lama. Foi uma queda terr\u00edvel, de imediato senti a minha bunda e as minhas costas doerem, e escutei os gritos e as risadas \u00e0s minhas costas. Altas e longas. Bem longas. E, depois disso, eu apenas me levantei, chutei a t\u00e1bua e segui em dire\u00e7\u00e3o \u00e0 sa\u00edda, sem olhar pra tr\u00e1s.<\/p>\n<p>Talvez tenha sido ali, a partir daquele instante, que comecei a ser um escritor.<\/p>\n<div class=\"addtoany_share_save_container addtoany_content addtoany_content_bottom\">\n<div class=\"a2a_kit a2a_kit_size_30 addtoany_list\" data-a2a-url=\"https:\/\/pimenta.blog.br\/2026\/03\/17\/ilheense-rodrigo-melo-lanca-novo-livro-leia-texto-de-abertura\/\" data-a2a-title=\"ILHEENSE RODRIGO MELO LAN\u00c7A NOVO LIVRO; LEIA TEXTO DE ABERTURA\">\n<div class=\"fb-like fb_iframe_widget\" data-href=\"https:\/\/pimenta.blog.br\/2026\/03\/17\/ilheense-rodrigo-melo-lanca-novo-livro-leia-texto-de-abertura\/\" data-width=\"90\" data-layout=\"button_count\" data-ref=\"addtoany\"><\/div>\n<\/div>\n<\/div>\n","protected":false},"excerpt":{"rendered":"<p>Essa mat\u00e9ria foi publicada no Blog Pimenta no dia 17 de mar\u00e7o de 2026. Texto curto, objetivo com leitura dinamica. Repostagem\u00a0 &#8211; Correio. O escritor ilheense Rodrigo Melo acaba de lan\u00e7ar seu quinto livro, O Cavalo do Bandido Sempre Sai na Frente. A obra re\u00fane 20 textos, que revisitam a cr\u00f4nica liter\u00e1ria a partir do [&hellip;]<\/p>\n","protected":false},"author":3,"featured_media":20949,"comment_status":"closed","ping_status":"closed","sticky":false,"template":"","format":"standard","meta":{"_links_to":"","_links_to_target":""},"categories":[1],"tags":[],"_links":{"self":[{"href":"https:\/\/www.correiodascidades.com.br\/v1\/wp-json\/wp\/v2\/posts\/20947"}],"collection":[{"href":"https:\/\/www.correiodascidades.com.br\/v1\/wp-json\/wp\/v2\/posts"}],"about":[{"href":"https:\/\/www.correiodascidades.com.br\/v1\/wp-json\/wp\/v2\/types\/post"}],"author":[{"embeddable":true,"href":"https:\/\/www.correiodascidades.com.br\/v1\/wp-json\/wp\/v2\/users\/3"}],"replies":[{"embeddable":true,"href":"https:\/\/www.correiodascidades.com.br\/v1\/wp-json\/wp\/v2\/comments?post=20947"}],"version-history":[{"count":1,"href":"https:\/\/www.correiodascidades.com.br\/v1\/wp-json\/wp\/v2\/posts\/20947\/revisions"}],"predecessor-version":[{"id":20950,"href":"https:\/\/www.correiodascidades.com.br\/v1\/wp-json\/wp\/v2\/posts\/20947\/revisions\/20950"}],"wp:featuredmedia":[{"embeddable":true,"href":"https:\/\/www.correiodascidades.com.br\/v1\/wp-json\/wp\/v2\/media\/20949"}],"wp:attachment":[{"href":"https:\/\/www.correiodascidades.com.br\/v1\/wp-json\/wp\/v2\/media?parent=20947"}],"wp:term":[{"taxonomy":"category","embeddable":true,"href":"https:\/\/www.correiodascidades.com.br\/v1\/wp-json\/wp\/v2\/categories?post=20947"},{"taxonomy":"post_tag","embeddable":true,"href":"https:\/\/www.correiodascidades.com.br\/v1\/wp-json\/wp\/v2\/tags?post=20947"}],"curies":[{"name":"wp","href":"https:\/\/api.w.org\/{rel}","templated":true}]}}