{"id":20951,"date":"2026-03-29T18:25:44","date_gmt":"2026-03-29T21:25:44","guid":{"rendered":"https:\/\/www.correiodascidades.com.br\/v1\/?p=20951"},"modified":"2026-03-29T18:25:44","modified_gmt":"2026-03-29T21:25:44","slug":"vitoria-joga-com-time-titular-e-vence-o-crb-por-4-a-2-em-maceio","status":"publish","type":"post","link":"https:\/\/www.correiodascidades.com.br\/v1\/2026\/03\/29\/vitoria-joga-com-time-titular-e-vence-o-crb-por-4-a-2-em-maceio\/","title":{"rendered":"Vit\u00f3ria joga com time titular e vence o CRB por 4 a 2 em Macei\u00f3"},"content":{"rendered":"<p><img src=\"https:\/\/www.correiodascidades.com.br\/v1\/wp-content\/uploads\/2026\/03\/vitoriavenceoCRB4a2-768x428-1.jpg\" \/><\/p>\n<p><span class=\"dropcap \">O <\/span>Vit\u00f3ria venceu o CRB por 4 x 2, na tarde deste s\u00e1bado (28), no Est\u00e1dio Rei Pel\u00e9, em Macei\u00f3 (AL). O Rubro-Negro alcan\u00e7ou tr\u00eas pontos ganhos e divide a lideran\u00e7a com o Sousa da Para\u00edba no Grupo A.<\/p>\n<p>Antes de voltar a jogar pela Copa do Nordeste, o Vit\u00f3ria ter\u00e1 duas partidas pelo Brasileiro: dia 1\u00ba contra o Cruzeiro, em Belo Horizonte, e 5 de abril diante da Chapecoense, em Chapec\u00f3. Pela competi\u00e7\u00e3o regional, o pr\u00f3ximo advers\u00e1rio ser\u00e1 a Juazeirense, dia 8, no Barrad\u00e3o. <!--more--><\/p>\n<p>Eficiente no ataque, o Vit\u00f3ria transformou em gols as chances e construiu de forma fulminante o placar ainda no primeiro tempo. Foram dois gols em nove minutos. Aos 6 minutos, ap\u00f3s cobran\u00e7a de escanteio, Cac\u00e1 rolou para Baralhas chutar de primeira da entrada da \u00e1rea.<\/p>\n<p>Aos 9 minutos, ap\u00f3s troca de passes dentro da \u00e1rea, Erick recebeu a bola de A\u00edtor e finalizou chutando rasteiro e cruzado para ampliar.<\/p>\n<p>O CRB diminuiu com um chute de Crystopher. O Vit\u00f3ria reagiu aos 43 minutos, o artilheiro Renato Kayzer se livrou da marca\u00e7\u00e3o na \u00e1rea e bateu no canto para fazer 3 a 1.<\/p>\n<p>Na etapa final, o CRB come\u00e7ou assustando e marcou com Douglas Baggio aos 3 minutos. O Vit\u00f3ria definiu o placar aos 28. Erick foi novamente o gar\u00e7om e achou Tarzia livre na \u00e1rea do CRB. O argentino dominou a bola com categoria e escolheu o canto para assinalar seu primeiro gol pelo Rubro-Negro.<\/p>\n","protected":false},"excerpt":{"rendered":"<p>O Vit\u00f3ria venceu o CRB por 4 x 2, na tarde deste s\u00e1bado (28), no Est\u00e1dio Rei Pel\u00e9, em Macei\u00f3 (AL). O Rubro-Negro alcan\u00e7ou tr\u00eas pontos ganhos e divide a lideran\u00e7a com o Sousa da Para\u00edba no Grupo A. Antes de voltar a jogar pela Copa do Nordeste, o Vit\u00f3ria ter\u00e1 duas partidas pelo Brasileiro: [&hellip;]<\/p>\n","protected":false},"author":3,"featured_media":20952,"comment_status":"closed","ping_status":"closed","sticky":false,"template":"","format":"standard","meta":{"_links_to":"","_links_to_target":""},"categories":[1],"tags":[],"_links":{"self":[{"href":"https:\/\/www.correiodascidades.com.br\/v1\/wp-json\/wp\/v2\/posts\/20951"}],"collection":[{"href":"https:\/\/www.correiodascidades.com.br\/v1\/wp-json\/wp\/v2\/posts"}],"about":[{"href":"https:\/\/www.correiodascidades.com.br\/v1\/wp-json\/wp\/v2\/types\/post"}],"author":[{"embeddable":true,"href":"https:\/\/www.correiodascidades.com.br\/v1\/wp-json\/wp\/v2\/users\/3"}],"replies":[{"embeddable":true,"href":"https:\/\/www.correiodascidades.com.br\/v1\/wp-json\/wp\/v2\/comments?post=20951"}],"version-history":[{"count":1,"href":"https:\/\/www.correiodascidades.com.br\/v1\/wp-json\/wp\/v2\/posts\/20951\/revisions"}],"predecessor-version":[{"id":20953,"href":"https:\/\/www.correiodascidades.com.br\/v1\/wp-json\/wp\/v2\/posts\/20951\/revisions\/20953"}],"wp:featuredmedia":[{"embeddable":true,"href":"https:\/\/www.correiodascidades.com.br\/v1\/wp-json\/wp\/v2\/media\/20952"}],"wp:attachment":[{"href":"https:\/\/www.correiodascidades.com.br\/v1\/wp-json\/wp\/v2\/media?parent=20951"}],"wp:term":[{"taxonomy":"category","embeddable":true,"href":"https:\/\/www.correiodascidades.com.br\/v1\/wp-json\/wp\/v2\/categories?post=20951"},{"taxonomy":"post_tag","embeddable":true,"href":"https:\/\/www.correiodascidades.com.br\/v1\/wp-json\/wp\/v2\/tags?post=20951"}],"curies":[{"name":"wp","href":"https:\/\/api.w.org\/{rel}","templated":true}]}}