{"id":20954,"date":"2026-03-29T18:28:36","date_gmt":"2026-03-29T21:28:36","guid":{"rendered":"https:\/\/www.correiodascidades.com.br\/v1\/?p=20954"},"modified":"2026-03-29T18:28:36","modified_gmt":"2026-03-29T21:28:36","slug":"leur-lomanto-jr-celebra-indicacao-de-ze-coca-a-vice-na-chapa-de-acm-neto","status":"publish","type":"post","link":"https:\/\/www.correiodascidades.com.br\/v1\/2026\/03\/29\/leur-lomanto-jr-celebra-indicacao-de-ze-coca-a-vice-na-chapa-de-acm-neto\/","title":{"rendered":"Leur Lomanto Jr celebra indica\u00e7\u00e3o de Z\u00e9 Coc\u00e1 a vice na chapa de ACM Neto"},"content":{"rendered":"<p><img src=\"https:\/\/www.correiodascidades.com.br\/v1\/wp-content\/uploads\/2026\/03\/leurlomantocomzecocah-768x497-1.jpg\" \/><\/p>\n<p><span class=\"dropcap \">O <\/span>deputado federal Leur Lomanto Jr (Uni\u00e3o) celebrou a indica\u00e7\u00e3o do prefeito de Jequi\u00e9, Z\u00e9 Coc\u00e1 (PP), como vice-governador na chapa do pr\u00e9-candidato ao Governo da Bahia, ACM Neto (Uni\u00e3o). Com origem familiar e pol\u00edtica em Jequi\u00e9, Lomanto Jr destacou que Z\u00e9 Coc\u00e1 representar\u00e1 a for\u00e7a do interior na chapa majorit\u00e1ria, por ser um homem do interior e por conhecer de perto os potenciais, as dificuldades dos munic\u00edpios e os anseios da popula\u00e7\u00e3o. O deputado fez refer\u00eancia ao seu av\u00f4, o ex-governador Ant\u00f4nio Lomanto J\u00fanior, que, em sua elei\u00e7\u00e3o ao Governo da Bahia em 1962 venceu com o slogan <!--more--><\/p>\n<blockquote><p>\u201cO interior marcha para o Governo\u201d. O deputado acompanha, em Jequi\u00e9, nesta quinta-feira, o an\u00fancio do l\u00edder ACM Neto e do prefeito Z\u00e9 Coc\u00e1.<\/p>\n<p>\u201cJequi\u00e9, que j\u00e1 deu dois governadores ao estado, Lomanto J\u00fanior e C\u00e9sar Borges, ter\u00e1 a possibilidade, mais uma vez, de chegar ao Governo com Z\u00e9 Coc\u00e1. \u00c9 um momento de grande alegria ver esse conterr\u00e2neo, com quem tenho uma rela\u00e7\u00e3o de amizade e parceria de trabalho em prol de Jequi\u00e9, dar esse passo na constru\u00e7\u00e3o de um futuro melhor para a nossa Bahia\u201d, ressaltou.<\/p><\/blockquote>\n<p>O deputado enalteceu o perfil de coragem do aliado, destacando sua trajet\u00f3ria como prefeito do munic\u00edpio de Lafaiete Coutinho, deputado estadual e prefeito reeleito de Jequi\u00e9.<\/p>\n<blockquote><p>\u201cZ\u00e9 Coc\u00e1 construiu sua caminhada com muito trabalho. Foi reeleito com 92% dos votos, a maior vota\u00e7\u00e3o proporcional do Brasil. Foi presidente da UPB \u2013 Uni\u00e3o dos Munic\u00edpios da Bahia, sendo reconhecido pela maioria dos prefeitos por sua compet\u00eancia, capacidade de enfrentar desafios e forte defesa dos munic\u00edpios. Isso \u00e9 fruto do seu jeito simples e trabalhador, de quem veio de baixo e conquistou espa\u00e7o com dedica\u00e7\u00e3o e compromisso com o povo\u201d, afirmou.<\/p><\/blockquote>\n<p>O parlamentar participou da articula\u00e7\u00e3o que aproximou Z\u00e9 Coc\u00e1 de ACM Neto, resultando agora na indica\u00e7\u00e3o para a chapa.<\/p>\n<blockquote><p>\u201cForam muitas conversas visando a constru\u00e7\u00e3o de uma caminhada conjunta, para que ele leve a sua experi\u00eancia de sucesso como prefeito de nossa cidade para toda a Bahia. Com certeza ajudar\u00e1 muito o nosso governador ACM Neto a realizar as transforma\u00e7\u00f5es que o nosso estado tanto precisa\u201d, afirmou.<\/p><\/blockquote>\n<p>Lomanto Jr. tem contribu\u00eddo com os \u00eaxitos da gest\u00e3o de Z\u00e9 Coc\u00e1 em Jequi\u00e9, sendo o deputado que mais enviou recursos nos \u00faltimos anos para o munic\u00edpio. Os investimentos t\u00eam ajudado a transformar a infraestrutura da cidade, levando melhorias tamb\u00e9m para \u00e1reas essenciais como educa\u00e7\u00e3o e sa\u00fade.<\/p>\n","protected":false},"excerpt":{"rendered":"<p>O deputado federal Leur Lomanto Jr (Uni\u00e3o) celebrou a indica\u00e7\u00e3o do prefeito de Jequi\u00e9, Z\u00e9 Coc\u00e1 (PP), como vice-governador na chapa do pr\u00e9-candidato ao Governo da Bahia, ACM Neto (Uni\u00e3o). Com origem familiar e pol\u00edtica em Jequi\u00e9, Lomanto Jr destacou que Z\u00e9 Coc\u00e1 representar\u00e1 a for\u00e7a do interior na chapa majorit\u00e1ria, por ser um homem [&hellip;]<\/p>\n","protected":false},"author":3,"featured_media":20955,"comment_status":"closed","ping_status":"closed","sticky":false,"template":"","format":"standard","meta":{"_links_to":"","_links_to_target":""},"categories":[1],"tags":[],"_links":{"self":[{"href":"https:\/\/www.correiodascidades.com.br\/v1\/wp-json\/wp\/v2\/posts\/20954"}],"collection":[{"href":"https:\/\/www.correiodascidades.com.br\/v1\/wp-json\/wp\/v2\/posts"}],"about":[{"href":"https:\/\/www.correiodascidades.com.br\/v1\/wp-json\/wp\/v2\/types\/post"}],"author":[{"embeddable":true,"href":"https:\/\/www.correiodascidades.com.br\/v1\/wp-json\/wp\/v2\/users\/3"}],"replies":[{"embeddable":true,"href":"https:\/\/www.correiodascidades.com.br\/v1\/wp-json\/wp\/v2\/comments?post=20954"}],"version-history":[{"count":1,"href":"https:\/\/www.correiodascidades.com.br\/v1\/wp-json\/wp\/v2\/posts\/20954\/revisions"}],"predecessor-version":[{"id":20956,"href":"https:\/\/www.correiodascidades.com.br\/v1\/wp-json\/wp\/v2\/posts\/20954\/revisions\/20956"}],"wp:featuredmedia":[{"embeddable":true,"href":"https:\/\/www.correiodascidades.com.br\/v1\/wp-json\/wp\/v2\/media\/20955"}],"wp:attachment":[{"href":"https:\/\/www.correiodascidades.com.br\/v1\/wp-json\/wp\/v2\/media?parent=20954"}],"wp:term":[{"taxonomy":"category","embeddable":true,"href":"https:\/\/www.correiodascidades.com.br\/v1\/wp-json\/wp\/v2\/categories?post=20954"},{"taxonomy":"post_tag","embeddable":true,"href":"https:\/\/www.correiodascidades.com.br\/v1\/wp-json\/wp\/v2\/tags?post=20954"}],"curies":[{"name":"wp","href":"https:\/\/api.w.org\/{rel}","templated":true}]}}