{"id":20963,"date":"2026-03-30T08:00:50","date_gmt":"2026-03-30T11:00:50","guid":{"rendered":"https:\/\/www.correiodascidades.com.br\/v1\/?p=20963"},"modified":"2026-03-30T08:00:50","modified_gmt":"2026-03-30T11:00:50","slug":"profissoes-com-maior-numero-de-vagas-tem-maior-numero-ocorrencias-de-acidentes-de-trabalho","status":"publish","type":"post","link":"https:\/\/www.correiodascidades.com.br\/v1\/2026\/03\/30\/profissoes-com-maior-numero-de-vagas-tem-maior-numero-ocorrencias-de-acidentes-de-trabalho\/","title":{"rendered":"Profiss\u00f5es com maior n\u00famero de vagas t\u00eam maior n\u00famero ocorr\u00eancias de acidentes de trabalho"},"content":{"rendered":"<p><img src=\"https:\/\/www.correiodascidades.com.br\/v1\/wp-content\/uploads\/2026\/03\/profissoes-com-maior-numero-de-vagas-lideram-ocorrencias-de-acidentes-de-trabalho-3207835-article.jpeg\" \/><\/p>\n<p>A partir desta quarta-feira, 4, os\u00a0medicamentos dever\u00e3o ter reajuste entre 1,13% e 3,81%. A alta anual \u00e9 definida pela\u00a0<a href=\"https:\/\/atarde.com.br\/?q=Cmed\" target=\"_blank\" rel=\"noopener\" data-rel-defined=\"\">C\u00e2mara de Regula\u00e7\u00e3o de Mercado de Medicamentos (Cmed)<\/a>.<\/p>\n<p>A Cmed prev\u00ea\u00a0aumento m\u00e9dio de 1,95%, ou seja, abaixo da infla\u00e7\u00e3o medida pelo IPCA (\u00cdndice Nacional de Pre\u00e7os ao Consumidor Amplo), de 3,81%, nos \u00faltimos 12 meses.<\/p>\n<section class=\"atr-ctaWhatsApp\">\n<div>Tudo sobre\u00a0<strong class=\"atr-ctaWhatsApp-strong\">Sa\u00fade<\/strong>\u00a0em primeira m\u00e3o!<\/div>\n<div><\/div>\n<\/section>\n<p>O\u00a0reajuste depende de aval do governo federal\u00a0e, caso entre em vigor com tais \u00edndices, o aumento nos pre\u00e7os n\u00e3o \u00e9 autom\u00e1tico nem imediato.<\/p>\n","protected":false},"excerpt":{"rendered":"<p>A partir desta quarta-feira, 4, os\u00a0medicamentos dever\u00e3o ter reajuste entre 1,13% e 3,81%. A alta anual \u00e9 definida pela\u00a0C\u00e2mara de Regula\u00e7\u00e3o de Mercado de Medicamentos (Cmed). A Cmed prev\u00ea\u00a0aumento m\u00e9dio de 1,95%, ou seja, abaixo da infla\u00e7\u00e3o medida pelo IPCA (\u00cdndice Nacional de Pre\u00e7os ao Consumidor Amplo), de 3,81%, nos \u00faltimos 12 meses. Tudo sobre\u00a0Sa\u00fade\u00a0em [&hellip;]<\/p>\n","protected":false},"author":3,"featured_media":20964,"comment_status":"closed","ping_status":"closed","sticky":false,"template":"","format":"standard","meta":{"_links_to":"","_links_to_target":""},"categories":[1],"tags":[],"_links":{"self":[{"href":"https:\/\/www.correiodascidades.com.br\/v1\/wp-json\/wp\/v2\/posts\/20963"}],"collection":[{"href":"https:\/\/www.correiodascidades.com.br\/v1\/wp-json\/wp\/v2\/posts"}],"about":[{"href":"https:\/\/www.correiodascidades.com.br\/v1\/wp-json\/wp\/v2\/types\/post"}],"author":[{"embeddable":true,"href":"https:\/\/www.correiodascidades.com.br\/v1\/wp-json\/wp\/v2\/users\/3"}],"replies":[{"embeddable":true,"href":"https:\/\/www.correiodascidades.com.br\/v1\/wp-json\/wp\/v2\/comments?post=20963"}],"version-history":[{"count":1,"href":"https:\/\/www.correiodascidades.com.br\/v1\/wp-json\/wp\/v2\/posts\/20963\/revisions"}],"predecessor-version":[{"id":20965,"href":"https:\/\/www.correiodascidades.com.br\/v1\/wp-json\/wp\/v2\/posts\/20963\/revisions\/20965"}],"wp:featuredmedia":[{"embeddable":true,"href":"https:\/\/www.correiodascidades.com.br\/v1\/wp-json\/wp\/v2\/media\/20964"}],"wp:attachment":[{"href":"https:\/\/www.correiodascidades.com.br\/v1\/wp-json\/wp\/v2\/media?parent=20963"}],"wp:term":[{"taxonomy":"category","embeddable":true,"href":"https:\/\/www.correiodascidades.com.br\/v1\/wp-json\/wp\/v2\/categories?post=20963"},{"taxonomy":"post_tag","embeddable":true,"href":"https:\/\/www.correiodascidades.com.br\/v1\/wp-json\/wp\/v2\/tags?post=20963"}],"curies":[{"name":"wp","href":"https:\/\/api.w.org\/{rel}","templated":true}]}}