{"id":20966,"date":"2026-03-30T23:36:54","date_gmt":"2026-03-31T02:36:54","guid":{"rendered":"https:\/\/www.correiodascidades.com.br\/v1\/?p=20966"},"modified":"2026-03-30T23:36:54","modified_gmt":"2026-03-31T02:36:54","slug":"agora-e-oficial-acm-neto-lanca-chapa-em-feira-de-santana-para-disputar-governo-da-bahia","status":"publish","type":"post","link":"https:\/\/www.correiodascidades.com.br\/v1\/2026\/03\/30\/agora-e-oficial-acm-neto-lanca-chapa-em-feira-de-santana-para-disputar-governo-da-bahia\/","title":{"rendered":"Agora \u00e9 oficial: ACM Neto lan\u00e7a chapa em Feira de Santana para disputar governo da Bahia"},"content":{"rendered":"<div class=\"flex flex-col w-full font-normal text-[18px] leading-[30px] text-tw-theme-text-default\">\n<p><img src=\"https:\/\/www.correiodascidades.com.br\/v1\/wp-content\/uploads\/2026\/03\/ze-coca-acm-neto-joao-roma-e-angelo-coronel-3209920.jpeg\" \/><\/p>\n<p id=\"paragrafo-vdm0220ccr\">Foi oficializada nesta segunda-feira (30) a chapa de ACM Neto (Uni\u00e3o Brasil), pr\u00e9-candidato a governador da Bahia, para as elei\u00e7\u00f5es gerais deste ano. O an\u00fancio aconteceu no teatro da C\u00e2mara de Dirigentes Lojistas (CDL) de Feira de Santana.<\/p>\n<\/div>\n<div class=\"article_mrec_destaque sticky\"><\/div>\n<div class=\"flex flex-col p-2 px-0 w-full font-normal text-[18px] leading-[30px] text-tw-theme-text-default\">\n<p id=\"paragrafo-whatsapp-link\">No pleito deste ano, a chapa de Neto aposta na uni\u00e3o entre partidos. A composi\u00e7\u00e3o inclui, al\u00e9m dele, o prefeito de Jequi\u00e9, Z\u00e9 Coc\u00e1 (PP), como pr\u00e9-candidato a vice-governador, e Jo\u00e3o Roma (PL) e Angelo Coronel (Republicanos), que concorrer\u00e3o a vagas no Senado.<\/p>\n<\/div>\n<p><!--more--><\/p>\n<div class=\"btn-google-discover\">\n<div>\n<div>A escolha de Z\u00e9 Coc\u00e1 como vice j\u00e1 havia sido antecipada na \u00faltima quinta-feira (26), quando ACM Neto foi a Jequi\u00e9 para fazer o convite oficial ao prefeito para integrar a chapa. Considerado um dos prefeitos mais influentes da Bahia, Coc\u00e1 chega \u00e0 chapa com a miss\u00e3o de ampliar a capilaridade pol\u00edtica no interior do estado.<\/div>\n<\/div>\n<\/div>\n<div class=\"flex flex-col w-full\">\n<div id=\"galeria-simples-7sqzdabj3f\" class=\"component--galeria simples\">\n<div class=\"wrapper\">\n<div class=\"gallery-header\">\n<p>Z\u00e9 Coc\u00e1, pr\u00e9-candidato a vice-governador da Bahia e prefeito de Jequi\u00e9<\/p>\n<\/div>\n<\/div>\n<\/div>\n<\/div>\n<div class=\"flex flex-col w-full font-normal text-[18px] leading-[30px] text-tw-theme-text-default\">\n<p id=\"paragrafo-83jkb0w2gz\">Segundo Neto, o que ele percebe ao percorrer a Bahia \u00e9 um sentimento crescente de mudan\u00e7a, ap\u00f3s duas d\u00e9cadas com o mesmo grupo no comando do estado.<\/p>\n<\/div>\n<div class=\"article_intext inline-block text-center w-full h-280\">\n<div id=\"internas_336x280_02\">\u201cO nosso prop\u00f3sito \u00e9 iniciar a constru\u00e7\u00e3o de um novo futuro para a Bahia a partir deste ano. Oferecer aos baianos um governo que cuide de fato da vida das pessoas, dando seguran\u00e7a, combatendo a viol\u00eancia, dando assist\u00eancia \u00e0 sa\u00fade, sobretudo no interior, onde as pessoas penam na fila da regula\u00e7\u00e3o\u201d, disse.<\/div>\n<\/div>\n<div class=\"flex flex-col w-full font-normal text-[18px] leading-[30px] text-tw-theme-text-default\">\n<p id=\"paragrafo-gqtha5cw1l\">Z\u00e9 Coc\u00e1 relembrou o momento em que foi convidado por ACM Neto para integrar a chapa e afirmou ter percebido no ex-prefeito de Salvador a seguran\u00e7a necess\u00e1ria.<\/p>\n<\/div>\n<div class=\"flex flex-col w-full font-normal text-[18px] leading-[30px] text-tw-theme-text-default\">\n<p id=\"paragrafo-xol4con817\">\u201cAntes de pedir qualquer coisa, eu disse: \u2018Neto, eu vou estar do seu lado. Agora, cuida desse estado. Que eu vou estar do seu lado, de m\u00e3os dadas, de manh\u00e3, de tarde e de noite, para a gente fazer da Bahia um estado mais desenvolvido, um estado que saia dos \u00edndices de pobreza\u2019\u201d, disse o pr\u00e9-candidato a vice-governador, que deve deixar a prefeitura de Jequi\u00e9 nesta quinta-feira (2).<\/p>\n<\/div>\n<div class=\"flex flex-col w-full font-normal text-[18px] leading-[30px] text-tw-theme-text-default\">\n<p id=\"paragrafo-0jacj5txje\">Para Coronel, a sociedade baiana se cansou e clama por uma mudan\u00e7a que a composi\u00e7\u00e3o oposicionista pode trazer. \u201cEu n\u00e3o tenho a menor d\u00favida que essa chapa encabe\u00e7ada por ACM Neto vai chegar ao governo da Bahia e n\u00f3s vamos fazer tamb\u00e9m as vagas ao Senado\u201d, disse.<\/p>\n<\/div>\n<div class=\"flex flex-col w-full font-normal text-[18px] leading-[30px] text-tw-theme-text-default\">\n<p id=\"paragrafo-lkvqcmerq6\">Presidente do PL na Bahia e ex-ministro da Cidadania, Jo\u00e3o Roma afirmou que essa \u00e9 uma chance de mudar o rumo do estado. \u201cEu fico muito feliz por poder participar desse momento hist\u00f3rico que a Bahia vive, aqui em Feira de Santana, a maior cidade do interior do Nordeste Brasileiro\u201d, salientou.<\/p>\n<\/div>\n<div class=\"article_intext inline-block text-center w-full h-280\">\n<div id=\"internas_336x280_03\"><\/div>\n<\/div>\n<div class=\"flex flex-col w-full\">\n<h2 id=\"intertitulo-jbi9zynskb\" class=\"font-family-secondary text-tw-theme-box-titulo-default text-[26px] leading-[38px] font-bold md:text-[31px]\">Princesinha do Sert\u00e3o<\/h2>\n<\/div>\n<div class=\"flex flex-col w-full font-normal text-[18px] leading-[30px] text-tw-theme-text-default\">\n<p id=\"paragrafo-c9dxcw5kxe\">Feira de Santana \u00e9 o segundo maior col\u00e9gio eleitoral da Bahia. ACM Neto teve um resultado positivo no munic\u00edpio nas elei\u00e7\u00f5es de 2022, acumulando 58,95% dos votos no segundo turno. Agora, a inten\u00e7\u00e3o \u00e9 ampliar ainda mais a vota\u00e7\u00e3o na Princesinha do Sert\u00e3o e incluir as cidades do interior na discuss\u00e3o.<\/p>\n<\/div>\n<div class=\"flex flex-col w-full font-normal text-[18px] leading-[30px] text-tw-theme-text-default\">\n<p id=\"paragrafo-f3mnkkrwv8\">Para o prefeito de Feira de Santana, Jos\u00e9 Ronaldo (Uni\u00e3o Brasil), a escolha de uma cidade do interior para o an\u00fancio da chapa de ACM Neto \u00e9 \u201cum reconhecimento de quem constr\u00f3i a Bahia todos os dias\u201d.<\/p>\n<\/div>\n<div class=\"flex flex-col w-full font-normal text-[18px] leading-[30px] text-tw-theme-text-default\">\n<p id=\"paragrafo-m8d4keabyq\">\u201cQuando a gente v\u00ea um prefeito como meu xar\u00e1, Z\u00e9 Coc\u00e1, sendo chamado para essa miss\u00e3o, a gente n\u00e3o v\u00ea s\u00f3 um nome, v\u00ea uma mensagem. Uma mensagem clara de que o interior participa, o interior decide\u201d, disse.<\/p>\n<\/div>\n<div class=\"article_intext inline-block text-center w-full h-280\">\n<div id=\"internas_336x280_04\"><\/div>\n<\/div>\n<div class=\"flex flex-col w-full font-normal text-[18px] leading-[30px] text-tw-theme-text-default\">\n<p id=\"paragrafo-85403x8ks7\">O prefeito feirense, que foi o respons\u00e1vel por unir Neto e Z\u00e9 Coc\u00e1, afirmou tamb\u00e9m que Feira de Santana carrega um significado ainda mais amplo. \u201cFeira n\u00e3o \u00e9 s\u00f3 uma cidade grande. Feira \u00e9 s\u00edmbolo de trabalho, s\u00edmbolo de crescimento, s\u00edmbolo da for\u00e7a e resist\u00eancia do interior da Bahia\u201d.<\/p>\n<\/div>\n<div class=\"flex flex-col w-full font-normal text-[18px] leading-[30px] text-tw-theme-text-default\">\n<p id=\"paragrafo-i7c2jem44q\">O evento contou com a presen\u00e7a de prefeitos, ex-prefeitos e outras lideran\u00e7as, al\u00e9m de nomes como o humorista e pr\u00e9-candidato a deputado federal Renato Piaba. O prefeito de Salvador, Bruno Reis (Uni\u00e3o Brasil) tamb\u00e9m estava no encontro.<\/p>\n<\/div>\n<div class=\"flex flex-col w-full font-normal text-[18px] leading-[30px] text-tw-theme-text-default\">\n<p id=\"paragrafo-z2clv27jxf\">Questionado como avalia os nomes escolhidos, Bruno Reis afirmou que era a chapa que sempre sonharam. \u201cReunimos os melhores. Esses nomes representam a mudan\u00e7a da Bahia. A partir de hoje, \u00e9 muito trabalho na m\u00e3o de Deus e na m\u00e3o do povo que quer libertar a Bahia do PT\u201d, acrescentou.<\/p>\n<\/div>\n","protected":false},"excerpt":{"rendered":"<p>Foi oficializada nesta segunda-feira (30) a chapa de ACM Neto (Uni\u00e3o Brasil), pr\u00e9-candidato a governador da Bahia, para as elei\u00e7\u00f5es gerais deste ano. O an\u00fancio aconteceu no teatro da C\u00e2mara de Dirigentes Lojistas (CDL) de Feira de Santana. No pleito deste ano, a chapa de Neto aposta na uni\u00e3o entre partidos. A composi\u00e7\u00e3o inclui, al\u00e9m [&hellip;]<\/p>\n","protected":false},"author":3,"featured_media":20967,"comment_status":"closed","ping_status":"closed","sticky":false,"template":"","format":"standard","meta":{"_links_to":"","_links_to_target":""},"categories":[1],"tags":[],"_links":{"self":[{"href":"https:\/\/www.correiodascidades.com.br\/v1\/wp-json\/wp\/v2\/posts\/20966"}],"collection":[{"href":"https:\/\/www.correiodascidades.com.br\/v1\/wp-json\/wp\/v2\/posts"}],"about":[{"href":"https:\/\/www.correiodascidades.com.br\/v1\/wp-json\/wp\/v2\/types\/post"}],"author":[{"embeddable":true,"href":"https:\/\/www.correiodascidades.com.br\/v1\/wp-json\/wp\/v2\/users\/3"}],"replies":[{"embeddable":true,"href":"https:\/\/www.correiodascidades.com.br\/v1\/wp-json\/wp\/v2\/comments?post=20966"}],"version-history":[{"count":1,"href":"https:\/\/www.correiodascidades.com.br\/v1\/wp-json\/wp\/v2\/posts\/20966\/revisions"}],"predecessor-version":[{"id":20968,"href":"https:\/\/www.correiodascidades.com.br\/v1\/wp-json\/wp\/v2\/posts\/20966\/revisions\/20968"}],"wp:featuredmedia":[{"embeddable":true,"href":"https:\/\/www.correiodascidades.com.br\/v1\/wp-json\/wp\/v2\/media\/20967"}],"wp:attachment":[{"href":"https:\/\/www.correiodascidades.com.br\/v1\/wp-json\/wp\/v2\/media?parent=20966"}],"wp:term":[{"taxonomy":"category","embeddable":true,"href":"https:\/\/www.correiodascidades.com.br\/v1\/wp-json\/wp\/v2\/categories?post=20966"},{"taxonomy":"post_tag","embeddable":true,"href":"https:\/\/www.correiodascidades.com.br\/v1\/wp-json\/wp\/v2\/tags?post=20966"}],"curies":[{"name":"wp","href":"https:\/\/api.w.org\/{rel}","templated":true}]}}