{"id":20969,"date":"2026-03-30T23:40:42","date_gmt":"2026-03-31T02:40:42","guid":{"rendered":"https:\/\/www.correiodascidades.com.br\/v1\/?p=20969"},"modified":"2026-03-30T23:40:42","modified_gmt":"2026-03-31T02:40:42","slug":"suspeito-de-matar-mulher-e-ocultar-corpo-em-congelador-e-preso-apos-acao-integrada","status":"publish","type":"post","link":"https:\/\/www.correiodascidades.com.br\/v1\/2026\/03\/30\/suspeito-de-matar-mulher-e-ocultar-corpo-em-congelador-e-preso-apos-acao-integrada\/","title":{"rendered":"Suspeito de matar mulher e ocultar corpo em congelador \u00e9 preso ap\u00f3s a\u00e7\u00e3o integrada"},"content":{"rendered":"<p><img src=\"https:\/\/www.correiodascidades.com.br\/v1\/wp-content\/uploads\/2026\/03\/Screenshot_20260330_175356_Photos-300x300.jpg\" \/><\/p>\n<p>Um homem de 28 anos, investigado por um homic\u00eddio ocorrido em Vit\u00f3ria da Conquista, foi preso na manh\u00e3 desta segunda-feira (30), ap\u00f3s uma a\u00e7\u00e3o integrada nas proximidades da rodovi\u00e1ria de Ilh\u00e9us. O crime ocorreu no domingo (29), no bairro Alto Maron, e teve como v\u00edtima Manuela Vieira Matos Silva, de 23 anos, morta a golpes de faca. O corpo da mulher foi encontrado no interior de um congelador em um im\u00f3vel. <!--more--><\/p>\n<p>A Delegacia de Homic\u00eddios de Vit\u00f3ria da Conquista instaurou inqu\u00e9rito policial e conseguiu identificar a autoria e a localiza\u00e7\u00e3o do suspeito. Em seguida, a Diretoria Regional de Pol\u00edcia do Interior (Dirpin\/Sudoeste) estabeleceu contato com a 7\u00aa Coordenadoria Regional de Pol\u00edcia do Interior (Coorpin\/Ilh\u00e9us), que realizou a captura do homem. Ele foi conduzido \u00e0 unidade policial, onde teve o mandado de pris\u00e3o preventiva cumprido. O suspeito segue custodiado, \u00e0 disposi\u00e7\u00e3o do Poder Judici\u00e1rio, e ser\u00e1 recambiado para a cidade de Vit\u00f3ria da Conquista.<\/p>\n","protected":false},"excerpt":{"rendered":"<p>Um homem de 28 anos, investigado por um homic\u00eddio ocorrido em Vit\u00f3ria da Conquista, foi preso na manh\u00e3 desta segunda-feira (30), ap\u00f3s uma a\u00e7\u00e3o integrada nas proximidades da rodovi\u00e1ria de Ilh\u00e9us. O crime ocorreu no domingo (29), no bairro Alto Maron, e teve como v\u00edtima Manuela Vieira Matos Silva, de 23 anos, morta a golpes [&hellip;]<\/p>\n","protected":false},"author":3,"featured_media":20970,"comment_status":"closed","ping_status":"closed","sticky":false,"template":"","format":"standard","meta":{"_links_to":"","_links_to_target":""},"categories":[1],"tags":[],"_links":{"self":[{"href":"https:\/\/www.correiodascidades.com.br\/v1\/wp-json\/wp\/v2\/posts\/20969"}],"collection":[{"href":"https:\/\/www.correiodascidades.com.br\/v1\/wp-json\/wp\/v2\/posts"}],"about":[{"href":"https:\/\/www.correiodascidades.com.br\/v1\/wp-json\/wp\/v2\/types\/post"}],"author":[{"embeddable":true,"href":"https:\/\/www.correiodascidades.com.br\/v1\/wp-json\/wp\/v2\/users\/3"}],"replies":[{"embeddable":true,"href":"https:\/\/www.correiodascidades.com.br\/v1\/wp-json\/wp\/v2\/comments?post=20969"}],"version-history":[{"count":1,"href":"https:\/\/www.correiodascidades.com.br\/v1\/wp-json\/wp\/v2\/posts\/20969\/revisions"}],"predecessor-version":[{"id":20971,"href":"https:\/\/www.correiodascidades.com.br\/v1\/wp-json\/wp\/v2\/posts\/20969\/revisions\/20971"}],"wp:featuredmedia":[{"embeddable":true,"href":"https:\/\/www.correiodascidades.com.br\/v1\/wp-json\/wp\/v2\/media\/20970"}],"wp:attachment":[{"href":"https:\/\/www.correiodascidades.com.br\/v1\/wp-json\/wp\/v2\/media?parent=20969"}],"wp:term":[{"taxonomy":"category","embeddable":true,"href":"https:\/\/www.correiodascidades.com.br\/v1\/wp-json\/wp\/v2\/categories?post=20969"},{"taxonomy":"post_tag","embeddable":true,"href":"https:\/\/www.correiodascidades.com.br\/v1\/wp-json\/wp\/v2\/tags?post=20969"}],"curies":[{"name":"wp","href":"https:\/\/api.w.org\/{rel}","templated":true}]}}