{"id":20972,"date":"2026-03-30T23:45:31","date_gmt":"2026-03-31T02:45:31","guid":{"rendered":"https:\/\/www.correiodascidades.com.br\/v1\/?p=20972"},"modified":"2026-03-30T23:45:31","modified_gmt":"2026-03-31T02:45:31","slug":"biometria-obrigatoria-para-beneficios-sociais-confira-prazos-e-regras-de-transicao","status":"publish","type":"post","link":"https:\/\/www.correiodascidades.com.br\/v1\/2026\/03\/30\/biometria-obrigatoria-para-beneficios-sociais-confira-prazos-e-regras-de-transicao\/","title":{"rendered":"Biometria obrigat\u00f3ria para benef\u00edcios sociais: confira prazos e regras de transi\u00e7\u00e3o"},"content":{"rendered":"<p><img loading=\"lazy\" class=\"\" src=\"https:\/\/www.correiodascidades.com.br\/v1\/wp-content\/uploads\/2026\/03\/BzxRQF2r7G67psoUmBuzVjyW.jpeg\" width=\"557\" height=\"348\" \/><\/p>\n<p>Para reduzir fraudes e garantir que os benef\u00edcios sociais sejam destinados a quem cumpre os crit\u00e9rios, o\u00a0<strong>governo federal estabeleceu regras para a ado\u00e7\u00e3o gradual da biometria nos programas da Seguridade Social, como aposentadorias e aux\u00edlios<\/strong>. A medida consta na\u00a0<a href=\"https:\/\/www.in.gov.br\/web\/dou\/-\/portaria-conjunta-mds\/inss-n-36-de-10-de-fevereiro-de-2026-686545425\">Portaria Conjunta MDS\/INSS n\u00ba 36<\/a>\u00a0e faz parte da agenda de transforma\u00e7\u00e3o digital do Estado.<\/p>\n<p><strong>At\u00e9 31 de dezembro de 2027, ser\u00e3o aceitos os cadastros biom\u00e9tricos j\u00e1 registrados em bases oficiais<\/strong> como: <!--more--><\/p>\n<ul>\n<li>Carteira Nacional de Habilita\u00e7\u00e3o (<a href=\"https:\/\/www.gov.br\/transportes\/pt-br\/cnh-do-brasil\">CNH<\/a>);<\/li>\n<li>Carteira de Registro Nacional Migrat\u00f3rio (<a href=\"https:\/\/www.gov.br\/pt-br\/servicos\/registrar-se-como-estrangeiro-no-brasil\">CRNM<\/a>) ou Documento Provis\u00f3rio de Registro Nacional Migrat\u00f3rio (<a href=\"https:\/\/www.gov.br\/pt-br\/servicos\/obter-documento-provisorio-de-registro-nacional-migratorio\">DPRNM<\/a>); e<\/li>\n<li>Identifica\u00e7\u00e3o Civil Nacional (<a href=\"https:\/\/www.gov.br\/governodigital\/pt-br\/legislacao\/legislacao-identificacao-nacional-civil\">ICN<\/a>), sob responsabilidade do Tribunal Superior Eleitoral.<\/li>\n<\/ul>\n<p><strong>A partir de 1\u00ba de janeiro de 2028, somente a biometria vinculada \u00e0 Carteira de Identidade Nacional (<a href=\"https:\/\/www.gov.br\/governodigital\/pt-br\/identidade\/identificacao-do-cidadao-e-carteira-de-identidade-nacional\">CIN<\/a>) ser\u00e1 v\u00e1lida<\/strong>.<\/p>\n<p>Segundo o governo, dos cerca de 68 milh\u00f5es de benefici\u00e1rios, 84% j\u00e1 possuem biometria cadastrada em alguma base oficial. A gest\u00e3o federal afirma que a transi\u00e7\u00e3o ser\u00e1 realizada \u201cde forma organizada e gradual, com prazos adequados para que todos regularizem sua situa\u00e7\u00e3o\u201d.<\/p>\n<h2>BPC<\/h2>\n<p>Para quem\u00a0<strong>solicita ou mant\u00e9m o Benef\u00edcio de Presta\u00e7\u00e3o Continuada<\/strong>\u00a0(<a href=\"https:\/\/www.gov.br\/mds\/pt-br\/acoes-e-programas\/suas\/beneficios-assistenciais\/beneficio-assistencial-ao-idoso-e-a-pessoa-com-deficiencia-bpc\">BPC<\/a>),<strong>\u00a0<\/strong>h\u00e1 prazos espec\u00edficos:<strong>\u00a0at\u00e9 30 de abril de 2026 para novas solicita\u00e7\u00f5es\u00a0<\/strong>e\u00a0<strong>at\u00e9 31 de dezembro de 2026 para manuten\u00e7\u00e3o\u00a0<\/strong>ou revis\u00e3o.<\/p>\n<h2>Convoca\u00e7\u00e3o<\/h2>\n<p><strong>Benefici\u00e1rios que n\u00e3o tiverem biometria em nenhuma das bases ser\u00e3o convocados de forma gradual<\/strong>, junto ao processo de atualiza\u00e7\u00e3o do Cadastro \u00danico (<a href=\"https:\/\/www.gov.br\/pt-br\/servicos\/consultar-dados-do-cadastro-unico-cadunico\">Cad\u00danico<\/a>). Ap\u00f3s receber a notifica\u00e7\u00e3o, o\u00a0<strong>cidad\u00e3o ter\u00e1 90 dias\u00a0<\/strong>para efetivar o cadastro biom\u00e9trico.<\/p>\n<h2>Situa\u00e7\u00f5es de dispensa<\/h2>\n<p>A portaria tamb\u00e9m prev\u00ea<strong>\u00a0situa\u00e7\u00f5es em que a exig\u00eancia poder\u00e1 ser dispensada<\/strong>:<\/p>\n<ul>\n<li>pessoas com 80 anos ou mais;<\/li>\n<li>migrantes, refugiados e ap\u00e1tridas que apresentem protocolos oficiais; e<\/li>\n<li>benefici\u00e1rios residentes em munic\u00edpios em situa\u00e7\u00e3o de emerg\u00eancia ou calamidade p\u00fablica reconhecida pelo Governo Federal.<\/li>\n<\/ul>\n","protected":false},"excerpt":{"rendered":"<p>Para reduzir fraudes e garantir que os benef\u00edcios sociais sejam destinados a quem cumpre os crit\u00e9rios, o\u00a0governo federal estabeleceu regras para a ado\u00e7\u00e3o gradual da biometria nos programas da Seguridade Social, como aposentadorias e aux\u00edlios. A medida consta na\u00a0Portaria Conjunta MDS\/INSS n\u00ba 36\u00a0e faz parte da agenda de transforma\u00e7\u00e3o digital do Estado. At\u00e9 31 de [&hellip;]<\/p>\n","protected":false},"author":3,"featured_media":20974,"comment_status":"closed","ping_status":"closed","sticky":false,"template":"","format":"standard","meta":{"_links_to":"","_links_to_target":""},"categories":[1],"tags":[],"_links":{"self":[{"href":"https:\/\/www.correiodascidades.com.br\/v1\/wp-json\/wp\/v2\/posts\/20972"}],"collection":[{"href":"https:\/\/www.correiodascidades.com.br\/v1\/wp-json\/wp\/v2\/posts"}],"about":[{"href":"https:\/\/www.correiodascidades.com.br\/v1\/wp-json\/wp\/v2\/types\/post"}],"author":[{"embeddable":true,"href":"https:\/\/www.correiodascidades.com.br\/v1\/wp-json\/wp\/v2\/users\/3"}],"replies":[{"embeddable":true,"href":"https:\/\/www.correiodascidades.com.br\/v1\/wp-json\/wp\/v2\/comments?post=20972"}],"version-history":[{"count":1,"href":"https:\/\/www.correiodascidades.com.br\/v1\/wp-json\/wp\/v2\/posts\/20972\/revisions"}],"predecessor-version":[{"id":20975,"href":"https:\/\/www.correiodascidades.com.br\/v1\/wp-json\/wp\/v2\/posts\/20972\/revisions\/20975"}],"wp:featuredmedia":[{"embeddable":true,"href":"https:\/\/www.correiodascidades.com.br\/v1\/wp-json\/wp\/v2\/media\/20974"}],"wp:attachment":[{"href":"https:\/\/www.correiodascidades.com.br\/v1\/wp-json\/wp\/v2\/media?parent=20972"}],"wp:term":[{"taxonomy":"category","embeddable":true,"href":"https:\/\/www.correiodascidades.com.br\/v1\/wp-json\/wp\/v2\/categories?post=20972"},{"taxonomy":"post_tag","embeddable":true,"href":"https:\/\/www.correiodascidades.com.br\/v1\/wp-json\/wp\/v2\/tags?post=20972"}],"curies":[{"name":"wp","href":"https:\/\/api.w.org\/{rel}","templated":true}]}}