{"id":20976,"date":"2026-03-30T23:50:07","date_gmt":"2026-03-31T02:50:07","guid":{"rendered":"https:\/\/www.correiodascidades.com.br\/v1\/?p=20976"},"modified":"2026-03-30T23:50:07","modified_gmt":"2026-03-31T02:50:07","slug":"unidade-de-saude-recebe-palestras-sobre-violencia-de-genero-pela-policia-civil-em-itaberaba","status":"publish","type":"post","link":"https:\/\/www.correiodascidades.com.br\/v1\/2026\/03\/30\/unidade-de-saude-recebe-palestras-sobre-violencia-de-genero-pela-policia-civil-em-itaberaba\/","title":{"rendered":"Unidade de sa\u00fade recebe palestras sobre viol\u00eancia de g\u00eanero pela Pol\u00edcia Civil em Itaberaba"},"content":{"rendered":"<p><img src=\"https:\/\/www.correiodascidades.com.br\/v1\/wp-content\/uploads\/2026\/03\/WhatsApp-Image-2026-03-30-at-17.56.13.jpeg\" \/><\/p>\n<p>A Pol\u00edcia Civil, por meio do N\u00facleo Especial de Atendimento \u00e0 Mulher (Neam\/Itaberaba), realizou na manh\u00e3 desta segunda-feira (30) a palestra sobre viol\u00eancia de g\u00eanero na Unidade B\u00e1sica de Sa\u00fade (UBS) da Urbis, no munic\u00edpio. <!--more--><\/p>\n<p>A a\u00e7\u00e3o em parceria com a unidade contou com a presen\u00e7a de profissionais de sa\u00fade e pacientes aguardando atendimento, promovendo orienta\u00e7\u00f5es de preven\u00e7\u00e3o, identifica\u00e7\u00e3o e enfrentamento do feminic\u00eddio, misoginia e discurso redpill. Al\u00e9m disso, foi abordado o funcionamento da Neam, dos canais de atendimento e das Medidas Protetivas de Urg\u00eancia (MPU).<\/p>\n<p>O encontro contou com a participa\u00e7\u00e3o da psic\u00f3loga Isadora Mascarenhas e da investigadora J\u00e9ssica Fernandes, que ressaltou a import\u00e2ncia do engajamento da comunidade. \u201cA a\u00e7\u00e3o fortalece nossa rede de prote\u00e7\u00e3o, refor\u00e7ando o compromisso coletivo no cuidado, escuta e garantia de direitos fundamentais\u201d, afirmou.<\/p>\n","protected":false},"excerpt":{"rendered":"<p>A Pol\u00edcia Civil, por meio do N\u00facleo Especial de Atendimento \u00e0 Mulher (Neam\/Itaberaba), realizou na manh\u00e3 desta segunda-feira (30) a palestra sobre viol\u00eancia de g\u00eanero na Unidade B\u00e1sica de Sa\u00fade (UBS) da Urbis, no munic\u00edpio.<\/p>\n","protected":false},"author":3,"featured_media":20977,"comment_status":"closed","ping_status":"closed","sticky":false,"template":"","format":"standard","meta":{"_links_to":"","_links_to_target":""},"categories":[1],"tags":[],"_links":{"self":[{"href":"https:\/\/www.correiodascidades.com.br\/v1\/wp-json\/wp\/v2\/posts\/20976"}],"collection":[{"href":"https:\/\/www.correiodascidades.com.br\/v1\/wp-json\/wp\/v2\/posts"}],"about":[{"href":"https:\/\/www.correiodascidades.com.br\/v1\/wp-json\/wp\/v2\/types\/post"}],"author":[{"embeddable":true,"href":"https:\/\/www.correiodascidades.com.br\/v1\/wp-json\/wp\/v2\/users\/3"}],"replies":[{"embeddable":true,"href":"https:\/\/www.correiodascidades.com.br\/v1\/wp-json\/wp\/v2\/comments?post=20976"}],"version-history":[{"count":1,"href":"https:\/\/www.correiodascidades.com.br\/v1\/wp-json\/wp\/v2\/posts\/20976\/revisions"}],"predecessor-version":[{"id":20978,"href":"https:\/\/www.correiodascidades.com.br\/v1\/wp-json\/wp\/v2\/posts\/20976\/revisions\/20978"}],"wp:featuredmedia":[{"embeddable":true,"href":"https:\/\/www.correiodascidades.com.br\/v1\/wp-json\/wp\/v2\/media\/20977"}],"wp:attachment":[{"href":"https:\/\/www.correiodascidades.com.br\/v1\/wp-json\/wp\/v2\/media?parent=20976"}],"wp:term":[{"taxonomy":"category","embeddable":true,"href":"https:\/\/www.correiodascidades.com.br\/v1\/wp-json\/wp\/v2\/categories?post=20976"},{"taxonomy":"post_tag","embeddable":true,"href":"https:\/\/www.correiodascidades.com.br\/v1\/wp-json\/wp\/v2\/tags?post=20976"}],"curies":[{"name":"wp","href":"https:\/\/api.w.org\/{rel}","templated":true}]}}