{"id":20979,"date":"2026-03-31T07:51:21","date_gmt":"2026-03-31T10:51:21","guid":{"rendered":"https:\/\/www.correiodascidades.com.br\/v1\/?p=20979"},"modified":"2026-03-31T07:51:21","modified_gmt":"2026-03-31T10:51:21","slug":"um-dos-traficantes-mais-perigosos-de-minas-e-preso-no-paraguai","status":"publish","type":"post","link":"https:\/\/www.correiodascidades.com.br\/v1\/2026\/03\/31\/um-dos-traficantes-mais-perigosos-de-minas-e-preso-no-paraguai\/","title":{"rendered":"Um dos traficantes mais perigosos de Minas \u00e9 preso no Paraguai"},"content":{"rendered":"<p><img src=\"https:\/\/www.correiodascidades.com.br\/v1\/wp-content\/uploads\/2026\/03\/AA1ZKs2I.jpg\" \/><\/p>\n<p>O traficante Douglas de Azevedo Machado, de 34 anos, chegou a Belo Horizonte nesta ter\u00e7a-feira (17\/3), onde vai dar entrada no sistema prisional.\u00a0<strong><a href=\"https:\/\/www.em.com.br\/gerais\/2026\/03\/7376999-mineiro-preso-na-bolivia-estava-com-uss-60-mil-e-passaporte-italiano-falso.html\" target=\"_blank\" rel=\"noopener\">Conhecido como &#8220;Mancha&#8221;, ele foi apreso na Bol\u00edvia<\/a><\/strong>\u00a0no \u00faltimo domingo (15\/3). A Pol\u00edcia Civil de Minas Gerais (PCMG) aponta que o investigado \u00e9 uma das principais lideran\u00e7as do tr\u00e1fico de drogas no estado. Ele estava foragido desde 2024.<\/p>\n<p>&nbsp;<\/p>\n<p>&nbsp;<\/p>\n","protected":false},"excerpt":{"rendered":"<p>O traficante Douglas de Azevedo Machado, de 34 anos, chegou a Belo Horizonte nesta ter\u00e7a-feira (17\/3), onde vai dar entrada no sistema prisional.\u00a0Conhecido como &#8220;Mancha&#8221;, ele foi apreso na Bol\u00edvia\u00a0no \u00faltimo domingo (15\/3). A Pol\u00edcia Civil de Minas Gerais (PCMG) aponta que o investigado \u00e9 uma das principais lideran\u00e7as do tr\u00e1fico de drogas no estado. [&hellip;]<\/p>\n","protected":false},"author":3,"featured_media":20980,"comment_status":"closed","ping_status":"closed","sticky":false,"template":"","format":"standard","meta":{"_links_to":"","_links_to_target":""},"categories":[1],"tags":[],"_links":{"self":[{"href":"https:\/\/www.correiodascidades.com.br\/v1\/wp-json\/wp\/v2\/posts\/20979"}],"collection":[{"href":"https:\/\/www.correiodascidades.com.br\/v1\/wp-json\/wp\/v2\/posts"}],"about":[{"href":"https:\/\/www.correiodascidades.com.br\/v1\/wp-json\/wp\/v2\/types\/post"}],"author":[{"embeddable":true,"href":"https:\/\/www.correiodascidades.com.br\/v1\/wp-json\/wp\/v2\/users\/3"}],"replies":[{"embeddable":true,"href":"https:\/\/www.correiodascidades.com.br\/v1\/wp-json\/wp\/v2\/comments?post=20979"}],"version-history":[{"count":1,"href":"https:\/\/www.correiodascidades.com.br\/v1\/wp-json\/wp\/v2\/posts\/20979\/revisions"}],"predecessor-version":[{"id":20981,"href":"https:\/\/www.correiodascidades.com.br\/v1\/wp-json\/wp\/v2\/posts\/20979\/revisions\/20981"}],"wp:featuredmedia":[{"embeddable":true,"href":"https:\/\/www.correiodascidades.com.br\/v1\/wp-json\/wp\/v2\/media\/20980"}],"wp:attachment":[{"href":"https:\/\/www.correiodascidades.com.br\/v1\/wp-json\/wp\/v2\/media?parent=20979"}],"wp:term":[{"taxonomy":"category","embeddable":true,"href":"https:\/\/www.correiodascidades.com.br\/v1\/wp-json\/wp\/v2\/categories?post=20979"},{"taxonomy":"post_tag","embeddable":true,"href":"https:\/\/www.correiodascidades.com.br\/v1\/wp-json\/wp\/v2\/tags?post=20979"}],"curies":[{"name":"wp","href":"https:\/\/api.w.org\/{rel}","templated":true}]}}