{"id":20983,"date":"2026-03-31T23:50:24","date_gmt":"2026-04-01T02:50:24","guid":{"rendered":"https:\/\/www.correiodascidades.com.br\/v1\/?p=20983"},"modified":"2026-04-01T00:12:00","modified_gmt":"2026-04-01T03:12:00","slug":"ilheus-bares-do-terminal-de-onibus-no-centro-da-cidade-serao-demolidos","status":"publish","type":"post","link":"https:\/\/www.correiodascidades.com.br\/v1\/2026\/03\/31\/ilheus-bares-do-terminal-de-onibus-no-centro-da-cidade-serao-demolidos\/","title":{"rendered":"ILH\u00c9US: Bares e Restaurantes do Terminal de \u00f4nibus no centro da cidade ser\u00e3o demolidos"},"content":{"rendered":"<p><img src=\"https:\/\/www.correiodascidades.com.br\/v1\/wp-content\/uploads\/2026\/03\/WhatsApp-Image-2026-03-31-at-23.32.43.jpeg\" \/> Foto &#8211; Terminal de \u00d4nibus Jo\u00e3o Mangabeira centro da cidade e o menciondo com\u00e9rcio.<\/p>\n<p>O minist\u00e9rio da Gest\u00e3o e Inova\u00e7\u00e3o em Servi\u00e7os P\u00fablicos, atrav\u00e9s da Secretaria do Patrim\u00f4nio da Uni\u00e3o (SPU) e Superintend\u00eancia do Patrim\u00f4nio no Estado da Bahia, notificou os comerciantes \u201c donos de bares\u201d do citado local que desocupassem a referida \u00e1rea por se tratar de um local da Uni\u00e3o. O pedido est\u00e1 ancorado no Art.1\u00ba e 11 da lei 9636 de 15 de Maio de 1998 art. 98 a 103 da Lei n\u00ba 10406 de 10 de janeiro de 2002, do c\u00f3digo civil instru\u00e7\u00e3o normativa.<\/p>\n<p>A referida lei diz que: O Poder Executivo est\u00e1 autorizado a agilizar a\u00e7\u00f5es, por interm\u00e9dio da Secretaria do Patrim\u00f4nio da Uni\u00e3o &#8211; SPU, do Minist\u00e9rio da Fazenda, no sentido de identificar, demarcar, cadastrar, registrar, fiscalizar, regularizar as ocupa\u00e7\u00f5es e promover a utiliza\u00e7\u00e3o ordenada dos bens im\u00f3veis de dom\u00ednio da Uni\u00e3o, podendo, para tanto, firmar conv\u00eanios com os Estados e Munic\u00edpios em cujos territ\u00f3rios se localizem e, observados os procedimentos licitat\u00f3rios previstos em lei, celebrar contratos com a iniciativa privada.<\/p>\n<p>O corre que os comerciantes no segmento de bares e lanchonetes, est\u00e3o no local &#8211; amparados por uma medida ocupacional, ofertada atrav\u00e9s de pedido desde a \u00e9poca da segunda gest\u00e3o do Prefeito Jabes Ribeiro, em 1993 que fez a concess\u00e3o do local para uso com documento valido por dez anos.<\/p>\n<p>O tempo passou e nada mais foi feito\u00a0 configurando para ajusti\u00e7a um espa\u00e7o ilegal de perman\u00eancia, o que n\u00e3o corresponde com a verdade para os comerciantes que afirmam que v\u00e3o lutar para n\u00e3o sairem de onde est\u00e3o.<\/p>\n<p><img loading=\"lazy\" class=\"alignnone size-medium wp-image-20985\" src=\"https:\/\/www.correiodascidades.com.br\/v1\/wp-content\/uploads\/2026\/03\/WhatsApp-Image-2026-03-31-at-23.48.21-169x300.jpeg\" alt=\"\" width=\"169\" height=\"300\" srcset=\"https:\/\/www.correiodascidades.com.br\/v1\/wp-content\/uploads\/2026\/03\/WhatsApp-Image-2026-03-31-at-23.48.21-169x300.jpeg 169w, https:\/\/www.correiodascidades.com.br\/v1\/wp-content\/uploads\/2026\/03\/WhatsApp-Image-2026-03-31-at-23.48.21.jpeg 338w\" sizes=\"(max-width: 169px) 100vw, 169px\" \/> Foto documento \/ notifica\u00e7\u00e3o.<\/p>\n<p>O prazo de expuls\u00e3o dos comerciantes \u00e9 de dez dia a contar da data da notifica\u00e7\u00e3o.<\/p>\n<p>Correio das cidades.<\/p>\n","protected":false},"excerpt":{"rendered":"<p>Foto &#8211; Terminal de \u00d4nibus Jo\u00e3o Mangabeira centro da cidade e o menciondo com\u00e9rcio. O minist\u00e9rio da Gest\u00e3o e Inova\u00e7\u00e3o em Servi\u00e7os P\u00fablicos, atrav\u00e9s da Secretaria do Patrim\u00f4nio da Uni\u00e3o (SPU) e Superintend\u00eancia do Patrim\u00f4nio no Estado da Bahia, notificou os comerciantes \u201c donos de bares\u201d do citado local que desocupassem a referida \u00e1rea por [&hellip;]<\/p>\n","protected":false},"author":3,"featured_media":20984,"comment_status":"closed","ping_status":"closed","sticky":false,"template":"","format":"standard","meta":{"_links_to":"","_links_to_target":""},"categories":[1],"tags":[],"_links":{"self":[{"href":"https:\/\/www.correiodascidades.com.br\/v1\/wp-json\/wp\/v2\/posts\/20983"}],"collection":[{"href":"https:\/\/www.correiodascidades.com.br\/v1\/wp-json\/wp\/v2\/posts"}],"about":[{"href":"https:\/\/www.correiodascidades.com.br\/v1\/wp-json\/wp\/v2\/types\/post"}],"author":[{"embeddable":true,"href":"https:\/\/www.correiodascidades.com.br\/v1\/wp-json\/wp\/v2\/users\/3"}],"replies":[{"embeddable":true,"href":"https:\/\/www.correiodascidades.com.br\/v1\/wp-json\/wp\/v2\/comments?post=20983"}],"version-history":[{"count":5,"href":"https:\/\/www.correiodascidades.com.br\/v1\/wp-json\/wp\/v2\/posts\/20983\/revisions"}],"predecessor-version":[{"id":20995,"href":"https:\/\/www.correiodascidades.com.br\/v1\/wp-json\/wp\/v2\/posts\/20983\/revisions\/20995"}],"wp:featuredmedia":[{"embeddable":true,"href":"https:\/\/www.correiodascidades.com.br\/v1\/wp-json\/wp\/v2\/media\/20984"}],"wp:attachment":[{"href":"https:\/\/www.correiodascidades.com.br\/v1\/wp-json\/wp\/v2\/media?parent=20983"}],"wp:term":[{"taxonomy":"category","embeddable":true,"href":"https:\/\/www.correiodascidades.com.br\/v1\/wp-json\/wp\/v2\/categories?post=20983"},{"taxonomy":"post_tag","embeddable":true,"href":"https:\/\/www.correiodascidades.com.br\/v1\/wp-json\/wp\/v2\/tags?post=20983"}],"curies":[{"name":"wp","href":"https:\/\/api.w.org\/{rel}","templated":true}]}}