{"id":20997,"date":"2026-04-01T23:09:08","date_gmt":"2026-04-02T02:09:08","guid":{"rendered":"https:\/\/www.correiodascidades.com.br\/v1\/?p=20997"},"modified":"2026-04-01T23:09:08","modified_gmt":"2026-04-02T02:09:08","slug":"vereador-mauricio-e-bebeto-galvao-dialogam-com-o-spu-para-evitar-desocupacao-e-garantir-futuro-do-galpao-x","status":"publish","type":"post","link":"https:\/\/www.correiodascidades.com.br\/v1\/2026\/04\/01\/vereador-mauricio-e-bebeto-galvao-dialogam-com-o-spu-para-evitar-desocupacao-e-garantir-futuro-do-galpao-x\/","title":{"rendered":"Vereador Maur\u00edcio e Bebeto Galv\u00e3o dialogam com o SPU para evitar desocupa\u00e7\u00e3o e garantir futuro do Galp\u00e3o X"},"content":{"rendered":"<p><img src=\"https:\/\/www.correiodascidades.com.br\/v1\/wp-content\/uploads\/2026\/04\/WhatsApp-Image-2026-04-01-at-15.46.35.jpeg\" \/><\/p>\n<p>O cen\u00e1rio de incerteza em torno do Galp\u00e3o X, centro multi-esportivo e cultural instalado no antigo pr\u00e9dio da EBAL\/Cesta do Povo, em Ilh\u00e9us, ganhou um novo cap\u00edtulo de esperan\u00e7a ap\u00f3s a atua\u00e7\u00e3o do vereador Maur\u00edcio Galv\u00e3o e do ex-deputado Bebeto Galv\u00e3o em defesa da perman\u00eancia das atividades no local.\u00a0 \u00a0 <!--more--><\/p>\n<p>Recentemente, a Superintend\u00eancia de Patrim\u00f4nio da Uni\u00e3o (SPU) notificou os respons\u00e1veis pelo espa\u00e7o para a desocupa\u00e7\u00e3o do im\u00f3vel, uma vez que a \u00e1rea pertence \u00e0 Uni\u00e3o. A medida gerou preocupa\u00e7\u00e3o entre esportistas, fam\u00edlias e coletivos culturais, j\u00e1 que o Galp\u00e3o X abriga projetos sociais e atividades esportivas importantes para a juventude ilheense, como skate, capoeira e jiu-j\u00edtsu.<\/p>\n<p>Na Manh\u00e3 desta quarta-feira (01), Maur\u00edcio e Bebeto se reuniram, em Salvador, com o superintendente da SPU na Bahia, Ot\u00e1vio Alexandre, para apresentar a import\u00e2ncia social do Galp\u00e3o X e defender a continuidade das atividades no local.<\/p>\n<p>A reuni\u00e3o trouxe avan\u00e7os importantes. A SPU reconheceu a relev\u00e2ncia dos projetos desenvolvidos no local, sinalizou abertura para o di\u00e1logo e se comprometeu a buscar uma solu\u00e7\u00e3o coletiva. Como parte das tratativas, uma visita t\u00e9cnica da SPU a Ilh\u00e9us j\u00e1 foi agendada para que o espa\u00e7o seja conhecido de perto e as discuss\u00f5es avancem.<\/p>\n<p>Para Maur\u00edcio e Bebeto, a luta em defesa do Galp\u00e3o X vai al\u00e9m da preserva\u00e7\u00e3o de um im\u00f3vel. Trata-se da defesa de um espa\u00e7o de inclus\u00e3o, cidadania, esporte e oportunidade para centenas de jovens de Ilh\u00e9us.<\/p>\n","protected":false},"excerpt":{"rendered":"<p>O cen\u00e1rio de incerteza em torno do Galp\u00e3o X, centro multi-esportivo e cultural instalado no antigo pr\u00e9dio da EBAL\/Cesta do Povo, em Ilh\u00e9us, ganhou um novo cap\u00edtulo de esperan\u00e7a ap\u00f3s a atua\u00e7\u00e3o do vereador Maur\u00edcio Galv\u00e3o e do ex-deputado Bebeto Galv\u00e3o em defesa da perman\u00eancia das atividades no local.\u00a0 \u00a0<\/p>\n","protected":false},"author":3,"featured_media":20998,"comment_status":"closed","ping_status":"closed","sticky":false,"template":"","format":"standard","meta":{"_links_to":"","_links_to_target":""},"categories":[1],"tags":[],"_links":{"self":[{"href":"https:\/\/www.correiodascidades.com.br\/v1\/wp-json\/wp\/v2\/posts\/20997"}],"collection":[{"href":"https:\/\/www.correiodascidades.com.br\/v1\/wp-json\/wp\/v2\/posts"}],"about":[{"href":"https:\/\/www.correiodascidades.com.br\/v1\/wp-json\/wp\/v2\/types\/post"}],"author":[{"embeddable":true,"href":"https:\/\/www.correiodascidades.com.br\/v1\/wp-json\/wp\/v2\/users\/3"}],"replies":[{"embeddable":true,"href":"https:\/\/www.correiodascidades.com.br\/v1\/wp-json\/wp\/v2\/comments?post=20997"}],"version-history":[{"count":1,"href":"https:\/\/www.correiodascidades.com.br\/v1\/wp-json\/wp\/v2\/posts\/20997\/revisions"}],"predecessor-version":[{"id":20999,"href":"https:\/\/www.correiodascidades.com.br\/v1\/wp-json\/wp\/v2\/posts\/20997\/revisions\/20999"}],"wp:featuredmedia":[{"embeddable":true,"href":"https:\/\/www.correiodascidades.com.br\/v1\/wp-json\/wp\/v2\/media\/20998"}],"wp:attachment":[{"href":"https:\/\/www.correiodascidades.com.br\/v1\/wp-json\/wp\/v2\/media?parent=20997"}],"wp:term":[{"taxonomy":"category","embeddable":true,"href":"https:\/\/www.correiodascidades.com.br\/v1\/wp-json\/wp\/v2\/categories?post=20997"},{"taxonomy":"post_tag","embeddable":true,"href":"https:\/\/www.correiodascidades.com.br\/v1\/wp-json\/wp\/v2\/tags?post=20997"}],"curies":[{"name":"wp","href":"https:\/\/api.w.org\/{rel}","templated":true}]}}