{"id":21001,"date":"2026-04-01T23:45:30","date_gmt":"2026-04-02T02:45:30","guid":{"rendered":"https:\/\/www.correiodascidades.com.br\/v1\/?p=21001"},"modified":"2026-04-01T23:45:30","modified_gmt":"2026-04-02T02:45:30","slug":"bahia-vence-o-athletico-pr-por-3-a-0-e-volta-ao-g4-do-brasileirao","status":"publish","type":"post","link":"https:\/\/www.correiodascidades.com.br\/v1\/2026\/04\/01\/bahia-vence-o-athletico-pr-por-3-a-0-e-volta-ao-g4-do-brasileirao\/","title":{"rendered":"Bahia vence o Athletico-PR por 3 a 0 e volta ao G4 do Brasileir\u00e3o"},"content":{"rendered":"<p><img src=\"https:\/\/www.correiodascidades.com.br\/v1\/wp-content\/uploads\/2026\/04\/everaldo-gols-do-bahia-1.jpeg\" \/><\/p>\n<p><span class=\"dropcap \">E<\/span>veraldo brilhou com dois gols no primeiro tempo, Luciano Juba fez mais um nos acr\u00e9scimos da etapa final<\/p>\n<p>O Bahia conquistou mais um importante triunfo no Campeonato Brasileiro. Na noite desta quarta-feira (1\u00ba), o Tricolor venceu o Athletico-PR por 3 a 0, pela 9\u00aa rodada. <!--more--><\/p>\n<p>Na primeira etapa, Everaldo marcou duas vezes para o Esquadr\u00e3o. J\u00e1 no segundo tempo, Luciano Juba balan\u00e7ou as redes e fechou a conta<\/p>\n<p>Com o triunfo, o Bahia tem agora 17 pontos na S\u00e9rie A do Brasileir\u00e3o. O Tricolor ocupa a terceira coloca\u00e7\u00e3o.<\/p>\n<p>O pr\u00f3ximo compromisso da equipe ser\u00e1 diante do Palmeiras, neste domingo (5), \u00e0s 19h30, na Arena Fonte Nova.<\/p>\n<p>O JOGO<br \/>\nLogo aos dois minutos, Pulga lan\u00e7ou Jean Lucas, que deixou o zagueiro no ch\u00e3o dentro da \u00e1rea e cruzou para Everaldo abrir o placar na Fonte Nova.<\/p>\n<p>O Bahia controlou o jogo no primeiro tempo e criou boas chances para ampliar. Kike Olivera recebeu lan\u00e7amento de Everton Ribeiro e chutou forte, mas o goleiro do Athletico defendeu com o p\u00e9.<\/p>\n<p>Aos 34 minutos, Jean Lucas ganhou na ra\u00e7a, Juba ficou com a sobra e tocou para Everaldo. O centroavante se livrou da marca\u00e7\u00e3o e mandou uma bomba para marcar o segundo do Esquadr\u00e3o.<\/p>\n<p>Aos 43 minutos, Everaldo foi derrubado dentro da \u00e1rea e o \u00e1rbitro marcou p\u00eanalti. No entanto, ap\u00f3s revis\u00e3o no VAR a penalidade foi anulada.<\/p>\n<p>O Bahia continuou pressionando no segundo tempo. Em r\u00e1pido contra-ataque, Jean Lucas invadiu a \u00e1rea e tocou rasteiro para Kike. O atacante tocou na sa\u00edda do goleiro, que fez a defesa e evitou o terceiro.<\/p>\n<p>A press\u00e3o no ataque fez efeito na reta final. Aos 47 minutos, Juba pegou o rebote e confirmou o triunfo do Bahia por 3 a 0.<\/p>\n","protected":false},"excerpt":{"rendered":"<p>Everaldo brilhou com dois gols no primeiro tempo, Luciano Juba fez mais um nos acr\u00e9scimos da etapa final O Bahia conquistou mais um importante triunfo no Campeonato Brasileiro. Na noite desta quarta-feira (1\u00ba), o Tricolor venceu o Athletico-PR por 3 a 0, pela 9\u00aa rodada.<\/p>\n","protected":false},"author":3,"featured_media":21003,"comment_status":"closed","ping_status":"closed","sticky":false,"template":"","format":"standard","meta":{"_links_to":"","_links_to_target":""},"categories":[1],"tags":[],"_links":{"self":[{"href":"https:\/\/www.correiodascidades.com.br\/v1\/wp-json\/wp\/v2\/posts\/21001"}],"collection":[{"href":"https:\/\/www.correiodascidades.com.br\/v1\/wp-json\/wp\/v2\/posts"}],"about":[{"href":"https:\/\/www.correiodascidades.com.br\/v1\/wp-json\/wp\/v2\/types\/post"}],"author":[{"embeddable":true,"href":"https:\/\/www.correiodascidades.com.br\/v1\/wp-json\/wp\/v2\/users\/3"}],"replies":[{"embeddable":true,"href":"https:\/\/www.correiodascidades.com.br\/v1\/wp-json\/wp\/v2\/comments?post=21001"}],"version-history":[{"count":1,"href":"https:\/\/www.correiodascidades.com.br\/v1\/wp-json\/wp\/v2\/posts\/21001\/revisions"}],"predecessor-version":[{"id":21004,"href":"https:\/\/www.correiodascidades.com.br\/v1\/wp-json\/wp\/v2\/posts\/21001\/revisions\/21004"}],"wp:featuredmedia":[{"embeddable":true,"href":"https:\/\/www.correiodascidades.com.br\/v1\/wp-json\/wp\/v2\/media\/21003"}],"wp:attachment":[{"href":"https:\/\/www.correiodascidades.com.br\/v1\/wp-json\/wp\/v2\/media?parent=21001"}],"wp:term":[{"taxonomy":"category","embeddable":true,"href":"https:\/\/www.correiodascidades.com.br\/v1\/wp-json\/wp\/v2\/categories?post=21001"},{"taxonomy":"post_tag","embeddable":true,"href":"https:\/\/www.correiodascidades.com.br\/v1\/wp-json\/wp\/v2\/tags?post=21001"}],"curies":[{"name":"wp","href":"https:\/\/api.w.org\/{rel}","templated":true}]}}