{"id":21005,"date":"2026-04-01T23:50:01","date_gmt":"2026-04-02T02:50:01","guid":{"rendered":"https:\/\/www.correiodascidades.com.br\/v1\/?p=21005"},"modified":"2026-04-01T23:50:01","modified_gmt":"2026-04-02T02:50:01","slug":"prefeitura-de-ilheus-divulga-link-para-selecao-de-profissionais-de-apoio-a-inclusao-escolar","status":"publish","type":"post","link":"https:\/\/www.correiodascidades.com.br\/v1\/2026\/04\/01\/prefeitura-de-ilheus-divulga-link-para-selecao-de-profissionais-de-apoio-a-inclusao-escolar\/","title":{"rendered":"Prefeitura de Ilh\u00e9us divulga link para sele\u00e7\u00e3o de profissionais de apoio \u00e0 inclus\u00e3o escolar"},"content":{"rendered":"<p><img src=\"https:\/\/www.correiodascidades.com.br\/v1\/wp-content\/uploads\/2026\/04\/5c627e9e-c778-4535-8a62-443d04edf15d.jpg\" \/><\/p>\n<p>Inscri\u00e7\u00f5es devem ser realizadas exclusivamente de forma online at\u00e9 as 16h do dia 8 de abril<\/p>\n<p>A Prefeitura de Ilh\u00e9us, por meio da Secretaria Municipal de Educa\u00e7\u00e3o, divulgou o link de inscri\u00e7\u00f5es para o Processo Seletivo Simplificado destinado \u00e0 contrata\u00e7\u00e3o tempor\u00e1ria de profissionais de apoio \u00e0 inclus\u00e3o escolar. Ao todo, est\u00e3o sendo ofertadas 25 vagas imediatas, al\u00e9m de cadastro reserva, para atua\u00e7\u00e3o nas unidades da rede municipal de ensino. <!--more--><\/p>\n<p>As oportunidades s\u00e3o voltadas para candidatos com ensino m\u00e9dio completo, com carga hor\u00e1ria de 40 horas semanais e remunera\u00e7\u00e3o de um sal\u00e1rio m\u00ednimo vigente (R$ 1.621). As vagas contemplam tanto a zona urbana quanto a zona rural do munic\u00edpio, incluindo reserva para pessoas com defici\u00eancia.<\/p>\n<p>As inscri\u00e7\u00f5es s\u00e3o gratuitas e devem ser realizadas exclusivamente de forma online at\u00e9 as 16h do dia 8 de abril. Os interessados podem acessar o formul\u00e1rio por meio do link: https:\/\/forms.gle\/uzxkcrWVELcqp6no7.<\/p>\n","protected":false},"excerpt":{"rendered":"<p>Inscri\u00e7\u00f5es devem ser realizadas exclusivamente de forma online at\u00e9 as 16h do dia 8 de abril A Prefeitura de Ilh\u00e9us, por meio da Secretaria Municipal de Educa\u00e7\u00e3o, divulgou o link de inscri\u00e7\u00f5es para o Processo Seletivo Simplificado destinado \u00e0 contrata\u00e7\u00e3o tempor\u00e1ria de profissionais de apoio \u00e0 inclus\u00e3o escolar. Ao todo, est\u00e3o sendo ofertadas 25 vagas [&hellip;]<\/p>\n","protected":false},"author":3,"featured_media":21006,"comment_status":"closed","ping_status":"closed","sticky":false,"template":"","format":"standard","meta":{"_links_to":"","_links_to_target":""},"categories":[1],"tags":[],"_links":{"self":[{"href":"https:\/\/www.correiodascidades.com.br\/v1\/wp-json\/wp\/v2\/posts\/21005"}],"collection":[{"href":"https:\/\/www.correiodascidades.com.br\/v1\/wp-json\/wp\/v2\/posts"}],"about":[{"href":"https:\/\/www.correiodascidades.com.br\/v1\/wp-json\/wp\/v2\/types\/post"}],"author":[{"embeddable":true,"href":"https:\/\/www.correiodascidades.com.br\/v1\/wp-json\/wp\/v2\/users\/3"}],"replies":[{"embeddable":true,"href":"https:\/\/www.correiodascidades.com.br\/v1\/wp-json\/wp\/v2\/comments?post=21005"}],"version-history":[{"count":1,"href":"https:\/\/www.correiodascidades.com.br\/v1\/wp-json\/wp\/v2\/posts\/21005\/revisions"}],"predecessor-version":[{"id":21007,"href":"https:\/\/www.correiodascidades.com.br\/v1\/wp-json\/wp\/v2\/posts\/21005\/revisions\/21007"}],"wp:featuredmedia":[{"embeddable":true,"href":"https:\/\/www.correiodascidades.com.br\/v1\/wp-json\/wp\/v2\/media\/21006"}],"wp:attachment":[{"href":"https:\/\/www.correiodascidades.com.br\/v1\/wp-json\/wp\/v2\/media?parent=21005"}],"wp:term":[{"taxonomy":"category","embeddable":true,"href":"https:\/\/www.correiodascidades.com.br\/v1\/wp-json\/wp\/v2\/categories?post=21005"},{"taxonomy":"post_tag","embeddable":true,"href":"https:\/\/www.correiodascidades.com.br\/v1\/wp-json\/wp\/v2\/tags?post=21005"}],"curies":[{"name":"wp","href":"https:\/\/api.w.org\/{rel}","templated":true}]}}