{"id":21008,"date":"2026-04-01T23:52:35","date_gmt":"2026-04-02T02:52:35","guid":{"rendered":"https:\/\/www.correiodascidades.com.br\/v1\/?p=21008"},"modified":"2026-04-01T23:52:35","modified_gmt":"2026-04-02T02:52:35","slug":"moraes-marca-depoimento-de-eduardo-bolsonaro-em-processo-no-stf","status":"publish","type":"post","link":"https:\/\/www.correiodascidades.com.br\/v1\/2026\/04\/01\/moraes-marca-depoimento-de-eduardo-bolsonaro-em-processo-no-stf\/","title":{"rendered":"Moraes marca depoimento de Eduardo Bolsonaro em processo no STF"},"content":{"rendered":"<p><img src=\"https:\/\/www.correiodascidades.com.br\/v1\/wp-content\/uploads\/2026\/03\/hipocrita-fala-de-eduardo-bolsonaro-contra-prisao-0138379100202603252256-ScaleDownProportional-_1_.jpeg\" \/><\/p>\n<p><strong><span class=\"dropcap \">O <\/span>ministro Alexandre de Moraes, do Supremo Tribunal Federal (STF), marcou para o dia 14 de abril o interrogat\u00f3rio do ex-deputado federal Eduardo Bolsonaro (PL-SP) na a\u00e7\u00e3o penal que trata da acusa\u00e7\u00e3o de coa\u00e7\u00e3o no curso do processo.<\/strong><img src=\"https:\/\/agenciabrasil.ebc.com.br\/ebc.png?id=1684565&amp;o=node\" data-pin-no-hover=\"true\" \/><img src=\"https:\/\/agenciabrasil.ebc.com.br\/ebc.gif?id=1684565&amp;o=node\" data-pin-no-hover=\"true\" \/><\/p>\n<p>Desde o ano passado, Eduardo, que \u00e9 filho do ex-presidente Jair Bolsonaro, est\u00e1 nos Estados Unidos e perdeu o mandato de parlamentar por faltar \u00e0s sess\u00f5es da C\u00e2mara dos Deputados. <!--more--><\/p>\n<p>Conforme a decis\u00e3o do ministro,<strong>\u00a0o interrogat\u00f3rio deve ser realizado por videoconfer\u00eancia. O ex-deputado n\u00e3o \u00e9 obrigado a participar da audi\u00eancia.<\/strong><\/p>\n<p>Antes de marcar o depoimento, Moraes determinou a notifica\u00e7\u00e3o de Eduardo por edital, mas ele n\u00e3o foi encontrado nem indicou advogado particular. Diante da situa\u00e7\u00e3o, o ministro autorizou que\u00a0a defesa seja realizada pela Defensoria P\u00fablica da Uni\u00e3o (DPU).<\/p>\n<p>Em novembro do ano passado, por unanimidade,\u00a0o STF aceitou den\u00fancia\u00a0da Procuradoria-Geral da Rep\u00fablica (PGR) no inqu\u00e9rito que apurou a atua\u00e7\u00e3o do ex-parlamentar junto ao governo dos Estados Unidos para promover o tarifa\u00e7o contra as exporta\u00e7\u00f5es brasileiras, a suspens\u00e3o de vistos de ministros do governo federal e de ministros da Corte.<\/p>\n<p>No final de 2025, a Mesa Diretora da C\u00e2mara dos Deputados\u00a0decidiu cassar o mandato dele.<\/p>\n<p>A decis\u00e3o foi tomada ap\u00f3s Eduardo deixar de comparecer a um ter\u00e7o do total de sess\u00f5es deliberativas da C\u00e2mara dos Deputados, como prev\u00ea a Constitui\u00e7\u00e3o. O filho de Bolsonaro faltou a 56 das 71 sess\u00f5es realizadas em 2025, o equivalente a 79% das sess\u00f5es.<\/p>\n","protected":false},"excerpt":{"rendered":"<p>O ministro Alexandre de Moraes, do Supremo Tribunal Federal (STF), marcou para o dia 14 de abril o interrogat\u00f3rio do ex-deputado federal Eduardo Bolsonaro (PL-SP) na a\u00e7\u00e3o penal que trata da acusa\u00e7\u00e3o de coa\u00e7\u00e3o no curso do processo. Desde o ano passado, Eduardo, que \u00e9 filho do ex-presidente Jair Bolsonaro, est\u00e1 nos Estados Unidos e [&hellip;]<\/p>\n","protected":false},"author":3,"featured_media":20961,"comment_status":"closed","ping_status":"closed","sticky":false,"template":"","format":"standard","meta":{"_links_to":"","_links_to_target":""},"categories":[1],"tags":[],"_links":{"self":[{"href":"https:\/\/www.correiodascidades.com.br\/v1\/wp-json\/wp\/v2\/posts\/21008"}],"collection":[{"href":"https:\/\/www.correiodascidades.com.br\/v1\/wp-json\/wp\/v2\/posts"}],"about":[{"href":"https:\/\/www.correiodascidades.com.br\/v1\/wp-json\/wp\/v2\/types\/post"}],"author":[{"embeddable":true,"href":"https:\/\/www.correiodascidades.com.br\/v1\/wp-json\/wp\/v2\/users\/3"}],"replies":[{"embeddable":true,"href":"https:\/\/www.correiodascidades.com.br\/v1\/wp-json\/wp\/v2\/comments?post=21008"}],"version-history":[{"count":1,"href":"https:\/\/www.correiodascidades.com.br\/v1\/wp-json\/wp\/v2\/posts\/21008\/revisions"}],"predecessor-version":[{"id":21010,"href":"https:\/\/www.correiodascidades.com.br\/v1\/wp-json\/wp\/v2\/posts\/21008\/revisions\/21010"}],"wp:featuredmedia":[{"embeddable":true,"href":"https:\/\/www.correiodascidades.com.br\/v1\/wp-json\/wp\/v2\/media\/20961"}],"wp:attachment":[{"href":"https:\/\/www.correiodascidades.com.br\/v1\/wp-json\/wp\/v2\/media?parent=21008"}],"wp:term":[{"taxonomy":"category","embeddable":true,"href":"https:\/\/www.correiodascidades.com.br\/v1\/wp-json\/wp\/v2\/categories?post=21008"},{"taxonomy":"post_tag","embeddable":true,"href":"https:\/\/www.correiodascidades.com.br\/v1\/wp-json\/wp\/v2\/tags?post=21008"}],"curies":[{"name":"wp","href":"https:\/\/api.w.org\/{rel}","templated":true}]}}