{"id":21044,"date":"2026-04-05T18:13:30","date_gmt":"2026-04-05T21:13:30","guid":{"rendered":"https:\/\/www.correiodascidades.com.br\/v1\/?p=21044"},"modified":"2026-04-05T18:13:30","modified_gmt":"2026-04-05T21:13:30","slug":"neymar-pode-pegar-ate-dez-jogos-de-suspensao-por-fala-contra-arbitro-entenda","status":"publish","type":"post","link":"https:\/\/www.correiodascidades.com.br\/v1\/2026\/04\/05\/neymar-pode-pegar-ate-dez-jogos-de-suspensao-por-fala-contra-arbitro-entenda\/","title":{"rendered":"Neymar pode pegar at\u00e9 dez jogos de suspens\u00e3o por fala contra \u00e1rbitro; entenda"},"content":{"rendered":"<div class=\"flex flex-col w-full font-normal text-[18px] leading-[30px] text-tw-theme-text-default\">\n<p><img src=\"https:\/\/www.correiodascidades.com.br\/v1\/wp-content\/uploads\/2026\/04\/neymar-associou-comportamento-de-arbitro-a-periodo-menstrual-3217167-article.jpeg\" \/><\/p>\n<p id=\"paragrafo-l46fu2tahv\">Ap\u00f3s\u00a0<a class=\"link\" href=\"https:\/\/www.correio24horas.com.br\/esportes\/imprensa-internacional-critica-neymar-por-fala-machista-apos-vitoria-do-santos-0426\" target=\"_blank\" rel=\"noopener\">associar o comportamento do \u00e1rbitro S\u00e1vio Pereira Sampaio ao per\u00edodo menstrual<\/a>, o<a class=\"link\" href=\"https:\/\/www.correio24horas.com.br\/esportes\/entre-o-poquer-e-a-selecao-fase-de-neymar-no-santos-vira-alvo-de-jornal-espanhol-0326\" target=\"_blank\" rel=\"noopener\">\u00a0jogador Neymar<\/a> pode ser denunciado ao Superior Tribunal de Justi\u00e7a Desportiva (STJD). A declara\u00e7\u00e3o, dada ap\u00f3s a vit\u00f3ria do Santos contra o Remo, por 2 a 0, na \u00faltima quinta-feira (2), \u00e9 pass\u00edvel de puni\u00e7\u00e3o grave.<\/p>\n<\/div>\n<p><!--more--><\/p>\n<div class=\"article_mrec_destaque sticky\"><\/div>\n<div class=\"flex flex-col p-2 px-0 w-full font-normal text-[18px] leading-[30px] text-tw-theme-text-default\">\n<p id=\"paragrafo-whatsapp-link\">A fala pode ser considerada ofensiva ou discriminat\u00f3ria, o que fere o C\u00f3digo Brasileiro de Justi\u00e7a Desportiva (CBJD).<\/p>\n<\/div>\n<div class=\"article_intext inline-block text-center w-full h-280\">\n<div id=\"internas_336x280_02\">Caso o caso seja julgado, o atacante do Santos pode pegar at\u00e9 dez jogos de suspens\u00e3o. Isso porque, o artigo 243-G, que aborda atos discriminat\u00f3rios, desdenhosos ou ultrajantes em rela\u00e7\u00e3o a sexo garante puni\u00e7\u00e3o de cinco a dez partidas suspenso.<\/div>\n<\/div>\n<div class=\"flex flex-col w-full font-normal text-[18px] leading-[30px] text-tw-theme-text-default\">\n<p id=\"paragrafo-b18pl8u4ru\">Tem ainda o artigo 258, que prev\u00ea puni\u00e7\u00e3o de um a seis jogos de suspens\u00e3o em caso de condutas contr\u00e1rias \u00e0 disciplina ou \u00e0 \u00e9tica desportiva.<\/p>\n<\/div>\n","protected":false},"excerpt":{"rendered":"<p>Ap\u00f3s\u00a0associar o comportamento do \u00e1rbitro S\u00e1vio Pereira Sampaio ao per\u00edodo menstrual, o\u00a0jogador Neymar pode ser denunciado ao Superior Tribunal de Justi\u00e7a Desportiva (STJD). A declara\u00e7\u00e3o, dada ap\u00f3s a vit\u00f3ria do Santos contra o Remo, por 2 a 0, na \u00faltima quinta-feira (2), \u00e9 pass\u00edvel de puni\u00e7\u00e3o grave.<\/p>\n","protected":false},"author":3,"featured_media":21045,"comment_status":"closed","ping_status":"closed","sticky":false,"template":"","format":"standard","meta":{"_links_to":"","_links_to_target":""},"categories":[1],"tags":[],"_links":{"self":[{"href":"https:\/\/www.correiodascidades.com.br\/v1\/wp-json\/wp\/v2\/posts\/21044"}],"collection":[{"href":"https:\/\/www.correiodascidades.com.br\/v1\/wp-json\/wp\/v2\/posts"}],"about":[{"href":"https:\/\/www.correiodascidades.com.br\/v1\/wp-json\/wp\/v2\/types\/post"}],"author":[{"embeddable":true,"href":"https:\/\/www.correiodascidades.com.br\/v1\/wp-json\/wp\/v2\/users\/3"}],"replies":[{"embeddable":true,"href":"https:\/\/www.correiodascidades.com.br\/v1\/wp-json\/wp\/v2\/comments?post=21044"}],"version-history":[{"count":1,"href":"https:\/\/www.correiodascidades.com.br\/v1\/wp-json\/wp\/v2\/posts\/21044\/revisions"}],"predecessor-version":[{"id":21046,"href":"https:\/\/www.correiodascidades.com.br\/v1\/wp-json\/wp\/v2\/posts\/21044\/revisions\/21046"}],"wp:featuredmedia":[{"embeddable":true,"href":"https:\/\/www.correiodascidades.com.br\/v1\/wp-json\/wp\/v2\/media\/21045"}],"wp:attachment":[{"href":"https:\/\/www.correiodascidades.com.br\/v1\/wp-json\/wp\/v2\/media?parent=21044"}],"wp:term":[{"taxonomy":"category","embeddable":true,"href":"https:\/\/www.correiodascidades.com.br\/v1\/wp-json\/wp\/v2\/categories?post=21044"},{"taxonomy":"post_tag","embeddable":true,"href":"https:\/\/www.correiodascidades.com.br\/v1\/wp-json\/wp\/v2\/tags?post=21044"}],"curies":[{"name":"wp","href":"https:\/\/api.w.org\/{rel}","templated":true}]}}