{"id":21047,"date":"2026-04-05T18:20:48","date_gmt":"2026-04-05T21:20:48","guid":{"rendered":"https:\/\/www.correiodascidades.com.br\/v1\/?p=21047"},"modified":"2026-04-05T18:20:48","modified_gmt":"2026-04-05T21:20:48","slug":"mulher-denuncia-cantor-de-pagode-por-agressao-e-pede-socorro-nas-redes-sociais-so-quero-continuar-viva","status":"publish","type":"post","link":"https:\/\/www.correiodascidades.com.br\/v1\/2026\/04\/05\/mulher-denuncia-cantor-de-pagode-por-agressao-e-pede-socorro-nas-redes-sociais-so-quero-continuar-viva\/","title":{"rendered":"Mulher denuncia cantor de pagode por agress\u00e3o e pede socorro nas redes sociais: &#8216;S\u00f3 quero continuar viva&#8217;"},"content":{"rendered":"<div class=\"flex flex-col w-full font-normal text-[18px] leading-[30px] text-tw-theme-text-default\">\n<p><img src=\"https:\/\/www.correiodascidades.com.br\/v1\/wp-content\/uploads\/2026\/04\/naldinho-rosa-e-acusado-de-agredir-a-ex-3216929-article.jpeg\" \/><\/p>\n<p id=\"paragrafo-nzm3am0gy0\">Uma den\u00fancia de viol\u00eancia dom\u00e9stica contra um cantor de pagode levou o caso \u00e0 pol\u00edcia no Rio de Janeiro. O vocalista do grupo Balacobaco, Reinaldo Rosa Vieira, conhecido como Naldinho Rosa, \u00e9 investigado ap\u00f3s acusa\u00e7\u00f5es feitas pela ex-companheira, Michelly Marques, com quem teve um relacionamento de seis anos e dois filhos.<\/p>\n<\/div>\n<p><!--more--><\/p>\n<p>Segundo relatos divulgados por ela nas redes sociais, as agress\u00f5es teriam ocorrido de forma recorrente durante o relacionamento, inclusive na frente do filho do casal. Em um dos desabafos, afirmou: \u201cAs pessoas n\u00e3o conseguem entender que a agress\u00e3o existe. N\u00e3o \u00e9 mentira. Ele me pegou no pesco\u00e7o, meu filho entrou na frente para me defender, quantas vezes ele quebrou prato na parede para n\u00e3o quebrar na minha cara, quantas vezes veio pra cima de mim. Fui agredida v\u00e1rias vezes, de tomar tapa e cair no ch\u00e3o, humilha\u00e7\u00e3o na rua\u201d.A ex-companheira disse ainda que decidiu tornar o caso p\u00fablico como um pedido de ajuda. \u201cIsso n\u00e3o \u00e9 exposi\u00e7\u00e3o. Isso \u00e9 um pedido de socorro. Tenho medo. Tenho provas. Tenho den\u00fancia. Eu s\u00f3 quero continuar viva\u201d, declarou. Ela tamb\u00e9m afirma que, ao longo da rela\u00e7\u00e3o, foi colocada em situa\u00e7\u00f5es de risco dentro da pr\u00f3pria casa, incluindo o temor de contrair doen\u00e7as sexualmente transmiss\u00edveis.<\/p>\n<div class=\"article_mrec_destaque sticky\"><\/div>\n","protected":false},"excerpt":{"rendered":"<p>Uma den\u00fancia de viol\u00eancia dom\u00e9stica contra um cantor de pagode levou o caso \u00e0 pol\u00edcia no Rio de Janeiro. O vocalista do grupo Balacobaco, Reinaldo Rosa Vieira, conhecido como Naldinho Rosa, \u00e9 investigado ap\u00f3s acusa\u00e7\u00f5es feitas pela ex-companheira, Michelly Marques, com quem teve um relacionamento de seis anos e dois filhos.<\/p>\n","protected":false},"author":3,"featured_media":21048,"comment_status":"closed","ping_status":"closed","sticky":false,"template":"","format":"standard","meta":{"_links_to":"","_links_to_target":""},"categories":[1],"tags":[],"_links":{"self":[{"href":"https:\/\/www.correiodascidades.com.br\/v1\/wp-json\/wp\/v2\/posts\/21047"}],"collection":[{"href":"https:\/\/www.correiodascidades.com.br\/v1\/wp-json\/wp\/v2\/posts"}],"about":[{"href":"https:\/\/www.correiodascidades.com.br\/v1\/wp-json\/wp\/v2\/types\/post"}],"author":[{"embeddable":true,"href":"https:\/\/www.correiodascidades.com.br\/v1\/wp-json\/wp\/v2\/users\/3"}],"replies":[{"embeddable":true,"href":"https:\/\/www.correiodascidades.com.br\/v1\/wp-json\/wp\/v2\/comments?post=21047"}],"version-history":[{"count":1,"href":"https:\/\/www.correiodascidades.com.br\/v1\/wp-json\/wp\/v2\/posts\/21047\/revisions"}],"predecessor-version":[{"id":21049,"href":"https:\/\/www.correiodascidades.com.br\/v1\/wp-json\/wp\/v2\/posts\/21047\/revisions\/21049"}],"wp:featuredmedia":[{"embeddable":true,"href":"https:\/\/www.correiodascidades.com.br\/v1\/wp-json\/wp\/v2\/media\/21048"}],"wp:attachment":[{"href":"https:\/\/www.correiodascidades.com.br\/v1\/wp-json\/wp\/v2\/media?parent=21047"}],"wp:term":[{"taxonomy":"category","embeddable":true,"href":"https:\/\/www.correiodascidades.com.br\/v1\/wp-json\/wp\/v2\/categories?post=21047"},{"taxonomy":"post_tag","embeddable":true,"href":"https:\/\/www.correiodascidades.com.br\/v1\/wp-json\/wp\/v2\/tags?post=21047"}],"curies":[{"name":"wp","href":"https:\/\/api.w.org\/{rel}","templated":true}]}}