{"id":21050,"date":"2026-04-05T18:26:54","date_gmt":"2026-04-05T21:26:54","guid":{"rendered":"https:\/\/www.correiodascidades.com.br\/v1\/?p=21050"},"modified":"2026-04-05T18:26:54","modified_gmt":"2026-04-05T21:26:54","slug":"policia-civil-recupera-motocicleta-e-celulares-subtraidos-em-eunapolis-2","status":"publish","type":"post","link":"https:\/\/www.correiodascidades.com.br\/v1\/2026\/04\/05\/policia-civil-recupera-motocicleta-e-celulares-subtraidos-em-eunapolis-2\/","title":{"rendered":"Pol\u00edcia Civil recupera motocicleta e celulares subtra\u00eddos em Eun\u00e1polis"},"content":{"rendered":"<div id=\"block-bagov-base-titulodapagina\" class=\"block block-core block-page-title-block\">\n<h5><img src=\"https:\/\/www.correiodascidades.com.br\/v1\/wp-content\/uploads\/2026\/04\/1000106401.jpg.jpeg\" \/><\/h5>\n<h5 class=\"field--name-title field--name-subtitle\"><span style=\"font-size: 16px;\">Uma opera\u00e7\u00e3o conjunta entre a Pol\u00edcia Civil da Bahia, a Pol\u00edcia Federal e a Pol\u00edcia Militar do Esp\u00edrito Santo resultou no cumprimento de um mandado de pris\u00e3o contra um homem investigado por estelionato, na pris\u00e3o em flagrante de uma mulher por recepta\u00e7\u00e3o e na recupera\u00e7\u00e3o de uma motocicleta e quatro celulares subtra\u00eddos, na quinta-feira (2). As investiga\u00e7\u00f5es tiveram in\u00edcio na Delegacia de Repress\u00e3o a Furtos e Roubos (DRFR\/Eun\u00e1polis), onde foram registradas ocorr\u00eancias envolvendo a loca\u00e7\u00e3o e a revenda fraudulenta de ve\u00edculos.\u00a0<\/span><\/h5>\n<\/div>\n<p><!--more--><\/p>\n<article class=\"node node--type-noticia node--view-mode-full\" data-history-node-id=\"24587\">\n<div class=\"node__content\">\n<div class=\"clearfix text-formatted field field--name-body field--type-text-with-summary field--label-hidden field__item\">\n<p>A apura\u00e7\u00e3o teve origem a partir do relato de uma v\u00edtima, que informou que, no dia 31 de mar\u00e7o, realizou a troca de cinco celulares por uma motocicleta. Ap\u00f3s a concretiza\u00e7\u00e3o do neg\u00f3cio, ela constatou que o ve\u00edculo era locado e pertencia a terceiros. Diante da fraude, a v\u00edtima devolveu a moto ao leg\u00edtimo propriet\u00e1rio. O autor do crime fugiu e n\u00e3o manteve mais contato com ela.<\/p>\n<p>Durante a investiga\u00e7\u00e3o, os policiais coletaram informa\u00e7\u00f5es que indicavam que um dos aparelhos subtra\u00eddos estava sendo ofertado em redes sociais. A anunciante foi intimada e compareceu \u00e0 DRFR de Eun\u00e1polis, onde informou n\u00e3o ter conhecimento da origem il\u00edcita e que o an\u00fancio foi feito a pedido de sua vizinha, a qual foi localizada com mais um celular proveniente do golpe, sendo autuada em flagrante por recepta\u00e7\u00e3o.<\/p>\n<p>De acordo com as investiga\u00e7\u00f5es, a mulher e o homem suspeito de estelionato se apropriaram de outras duas motocicletas locadas, vendendo-as a terceiros sem autoriza\u00e7\u00e3o dos propriet\u00e1rios. Um dos ve\u00edculos foi recuperado na cidade de Porto Seguro, ap\u00f3s o comprador apresentar voluntariamente a moto e prestar esclarecimentos.<\/p>\n<p>Em a\u00e7\u00e3o conjunta e a partir do compartilhamento de informa\u00e7\u00f5es entre a Pol\u00edcia Civil da Bahia, a Pol\u00edcia Federal e a Pol\u00edcia Militar do Esp\u00edrito Santo, o homem apontado como autor do golpe foi localizado e teve um mandado de pris\u00e3o, expedido em virtude de crimes de estelionato praticados no estado do Cear\u00e1, cumprido. Ele havia sa\u00eddo de Eun\u00e1polis na noite de 31 de mar\u00e7o, logo ap\u00f3s o crime, de \u00f4nibus, tendo sido interceptado e preso na rodovi\u00e1ria da cidade de Linhares, no Esp\u00edrito Santo. Com ele, foram apreendidos mais dois celulares.<\/p>\n<p>A dupla poder\u00e1 responder por estelionato, apropria\u00e7\u00e3o ind\u00e9bita e recepta\u00e7\u00e3o. A mulher permanece \u00e0 disposi\u00e7\u00e3o da Justi\u00e7a, enquanto o homem segue preso no Esp\u00edrito Santo. A DRFR de Eun\u00e1polis continua com as investiga\u00e7\u00f5es para identificar a poss\u00edvel participa\u00e7\u00e3o de outros envolvidos na revenda dos objetos subtra\u00eddos e apurar se os investigados integram uma associa\u00e7\u00e3o criminosa voltada a delitos patrimoniais na regi\u00e3o.<\/p>\n<p>&nbsp;<\/p>\n<\/div>\n<\/div>\n<\/article>\n","protected":false},"excerpt":{"rendered":"<p>Uma opera\u00e7\u00e3o conjunta entre a Pol\u00edcia Civil da Bahia, a Pol\u00edcia Federal e a Pol\u00edcia Militar do Esp\u00edrito Santo resultou no cumprimento de um mandado de pris\u00e3o contra um homem investigado por estelionato, na pris\u00e3o em flagrante de uma mulher por recepta\u00e7\u00e3o e na recupera\u00e7\u00e3o de uma motocicleta e quatro celulares subtra\u00eddos, na quinta-feira (2). [&hellip;]<\/p>\n","protected":false},"author":3,"featured_media":21051,"comment_status":"closed","ping_status":"closed","sticky":false,"template":"","format":"standard","meta":{"_links_to":"","_links_to_target":""},"categories":[1],"tags":[],"_links":{"self":[{"href":"https:\/\/www.correiodascidades.com.br\/v1\/wp-json\/wp\/v2\/posts\/21050"}],"collection":[{"href":"https:\/\/www.correiodascidades.com.br\/v1\/wp-json\/wp\/v2\/posts"}],"about":[{"href":"https:\/\/www.correiodascidades.com.br\/v1\/wp-json\/wp\/v2\/types\/post"}],"author":[{"embeddable":true,"href":"https:\/\/www.correiodascidades.com.br\/v1\/wp-json\/wp\/v2\/users\/3"}],"replies":[{"embeddable":true,"href":"https:\/\/www.correiodascidades.com.br\/v1\/wp-json\/wp\/v2\/comments?post=21050"}],"version-history":[{"count":1,"href":"https:\/\/www.correiodascidades.com.br\/v1\/wp-json\/wp\/v2\/posts\/21050\/revisions"}],"predecessor-version":[{"id":21052,"href":"https:\/\/www.correiodascidades.com.br\/v1\/wp-json\/wp\/v2\/posts\/21050\/revisions\/21052"}],"wp:featuredmedia":[{"embeddable":true,"href":"https:\/\/www.correiodascidades.com.br\/v1\/wp-json\/wp\/v2\/media\/21051"}],"wp:attachment":[{"href":"https:\/\/www.correiodascidades.com.br\/v1\/wp-json\/wp\/v2\/media?parent=21050"}],"wp:term":[{"taxonomy":"category","embeddable":true,"href":"https:\/\/www.correiodascidades.com.br\/v1\/wp-json\/wp\/v2\/categories?post=21050"},{"taxonomy":"post_tag","embeddable":true,"href":"https:\/\/www.correiodascidades.com.br\/v1\/wp-json\/wp\/v2\/tags?post=21050"}],"curies":[{"name":"wp","href":"https:\/\/api.w.org\/{rel}","templated":true}]}}