{"id":21056,"date":"2026-04-05T20:17:38","date_gmt":"2026-04-05T23:17:38","guid":{"rendered":"https:\/\/www.correiodascidades.com.br\/v1\/?p=21056"},"modified":"2026-04-05T20:17:38","modified_gmt":"2026-04-05T23:17:38","slug":"lider-de-esquema-de-roubo-de-veiculos-e-preso-em-condominio-de-luxo","status":"publish","type":"post","link":"https:\/\/www.correiodascidades.com.br\/v1\/2026\/04\/05\/lider-de-esquema-de-roubo-de-veiculos-e-preso-em-condominio-de-luxo\/","title":{"rendered":"L\u00edder de esquema de roubo de ve\u00edculos \u00e9 preso em condom\u00ednio de luxo"},"content":{"rendered":"<p><img src=\"https:\/\/www.correiodascidades.com.br\/v1\/wp-content\/uploads\/2026\/04\/policiacivil-fotossp-01-04-2026-768x512-1.jpeg\" \/><\/p>\n<p class=\"my-5 break-words group-[.isActiveSource]:text-xl\"><span class=\"dropcap \">U<\/span>m homem de 38 anos, apontado como chefe de uma organiza\u00e7\u00e3o criminosa especializada em roubo e desmanche de ve\u00edculo<strong class=\"group-[.isActiveSource]:text-xl group-[.isActiveSource]:font-bold\">s<\/strong>, foi preso na \u00faltima sexta-feira (4) em um condom\u00ednio de alto padr\u00e3o, na cidade de Vit\u00f3ria da Conquista, no sudoeste da Bahia.<\/p>\n<p class=\"my-5 break-words group-[.isActiveSource]:text-xl\">Segundo a Pol\u00edcia Civil, as equipes cumpriram um mandado em raz\u00e3o de uma condena\u00e7\u00e3o pelos crimes de organiza\u00e7\u00e3o criminosa, recepta\u00e7\u00e3o qualificada e adultera\u00e7\u00e3o de sinal identificador de ve\u00edculo automotor.<\/p>\n<p class=\"my-5 break-words group-[.isActiveSource]:text-xl\">O suspeito era investigado desde 2019, quando foi deflagrada a Opera\u00e7\u00e3o Hidra, que teve como alvo uma rede estruturada para roubar ve\u00edculos, desmont\u00e1-los e comercializar tanto os autom\u00f3veis, quanto pe\u00e7as de origem ilegal. <!--more--><\/p>\n<p class=\"my-5 break-words group-[.isActiveSource]:text-xl\">Durante as investiga\u00e7\u00f5es, foram encontrados ve\u00edculos adulterados, entre eles caminh\u00f5es e uma caminhonete roubados em outros estados do Brasil. Al\u00e9m disso, a pol\u00edcia tamb\u00e9m localizou galp\u00f5es usados como dep\u00f3sitos clandestinos, onde havia dezenas de cabines de caminh\u00f5es e motores sem qualquer tipo de identifica\u00e7\u00e3o.<\/p>\n<p class=\"my-5 break-words group-[.isActiveSource]:text-xl\">Ainda de acordo com a pol\u00edcia, o\u00a0grupo criminoso operava de forma organizada, dividido em n\u00facleos com fun\u00e7\u00f5es espec\u00edficas: lideran\u00e7a, negocia\u00e7\u00e3o e venda, al\u00e9m de um setor respons\u00e1vel pela descaracteriza\u00e7\u00e3o dos ve\u00edculos, que funcionava em oficinas mec\u00e2nicas e espa\u00e7os alugados para esconder a atividade ilegal.<\/p>\n<p class=\"my-5 break-words group-[.isActiveSource]:text-xl\">O suspeito foi levado para uma unidade policial, onde permanece \u00e0 disposi\u00e7\u00e3o da Justi\u00e7a.<\/p>\n","protected":false},"excerpt":{"rendered":"<p>Um homem de 38 anos, apontado como chefe de uma organiza\u00e7\u00e3o criminosa especializada em roubo e desmanche de ve\u00edculos, foi preso na \u00faltima sexta-feira (4) em um condom\u00ednio de alto padr\u00e3o, na cidade de Vit\u00f3ria da Conquista, no sudoeste da Bahia. Segundo a Pol\u00edcia Civil, as equipes cumpriram um mandado em raz\u00e3o de uma condena\u00e7\u00e3o [&hellip;]<\/p>\n","protected":false},"author":3,"featured_media":21057,"comment_status":"closed","ping_status":"closed","sticky":false,"template":"","format":"standard","meta":{"_links_to":"","_links_to_target":""},"categories":[1],"tags":[],"_links":{"self":[{"href":"https:\/\/www.correiodascidades.com.br\/v1\/wp-json\/wp\/v2\/posts\/21056"}],"collection":[{"href":"https:\/\/www.correiodascidades.com.br\/v1\/wp-json\/wp\/v2\/posts"}],"about":[{"href":"https:\/\/www.correiodascidades.com.br\/v1\/wp-json\/wp\/v2\/types\/post"}],"author":[{"embeddable":true,"href":"https:\/\/www.correiodascidades.com.br\/v1\/wp-json\/wp\/v2\/users\/3"}],"replies":[{"embeddable":true,"href":"https:\/\/www.correiodascidades.com.br\/v1\/wp-json\/wp\/v2\/comments?post=21056"}],"version-history":[{"count":1,"href":"https:\/\/www.correiodascidades.com.br\/v1\/wp-json\/wp\/v2\/posts\/21056\/revisions"}],"predecessor-version":[{"id":21058,"href":"https:\/\/www.correiodascidades.com.br\/v1\/wp-json\/wp\/v2\/posts\/21056\/revisions\/21058"}],"wp:featuredmedia":[{"embeddable":true,"href":"https:\/\/www.correiodascidades.com.br\/v1\/wp-json\/wp\/v2\/media\/21057"}],"wp:attachment":[{"href":"https:\/\/www.correiodascidades.com.br\/v1\/wp-json\/wp\/v2\/media?parent=21056"}],"wp:term":[{"taxonomy":"category","embeddable":true,"href":"https:\/\/www.correiodascidades.com.br\/v1\/wp-json\/wp\/v2\/categories?post=21056"},{"taxonomy":"post_tag","embeddable":true,"href":"https:\/\/www.correiodascidades.com.br\/v1\/wp-json\/wp\/v2\/tags?post=21056"}],"curies":[{"name":"wp","href":"https:\/\/api.w.org\/{rel}","templated":true}]}}