{"id":21062,"date":"2026-04-05T20:22:44","date_gmt":"2026-04-05T23:22:44","guid":{"rendered":"https:\/\/www.correiodascidades.com.br\/v1\/?p=21062"},"modified":"2026-04-05T20:22:44","modified_gmt":"2026-04-05T23:22:44","slug":"gastos-do-governo-lula-no-facebook-disparam","status":"publish","type":"post","link":"https:\/\/www.correiodascidades.com.br\/v1\/2026\/04\/05\/gastos-do-governo-lula-no-facebook-disparam\/","title":{"rendered":"Gastos do governo Lula no Facebook disparam"},"content":{"rendered":"<div class=\"entry-header\">\n<h1><img src=\"https:\/\/www.correiodascidades.com.br\/v1\/wp-content\/uploads\/2026\/04\/lula-foto-marcelo-camargo-agencia-brasil-2-768x513-1.jpg\" \/><\/h1>\n<h1 class=\"jeg_post_title\"><span class=\"dropcap \" style=\"font-size: 16px;\">E<\/span><span style=\"font-size: 16px;\">scalaram para R$4,3 milh\u00f5es entre 20 de fevereiro e 20 de mar\u00e7o as despesas do governo Lula (PT) com an\u00fancios no Facebook. O valor representa aumento de 16% em rela\u00e7\u00e3o aos 30 dias anteriores. Nos \u00faltimos tr\u00eas meses, os gastos da administra\u00e7\u00e3o petista foram de quase R$10 milh\u00f5es. Em contrapartida, o PL, principal partido de oposi\u00e7\u00e3o a Lula, gastou R$143,5 mil com an\u00fancios na rede no mesmo per\u00edodo.\u00a0<\/span><\/h1>\n<\/div>\n<p><!--more--><\/p>\n<div class=\"entry-content with-share\">\n<div class=\"content-inner \">\n<div id=\"Nota-7\" class=\"entry-block ch-nota Nota-7\">\n<h3>Na nossa conta<\/h3>\n<\/div>\n<p>Atualmente o governo tem 13 an\u00fancios ativos no Facebook. Um par de an\u00fancios sobre a Zona da Mata mineira custou R$150 mil desde dia 17.<\/p>\n<div id=\"Nota-8\" class=\"entry-block ch-nota Nota-8\">\n<h3>De longe<\/h3>\n<\/div>\n<p>A conta do governo do Brasil \u00e9 o maior anunciante do Facebook no Brasil desde o primeiro dia do ano, em 2026.<\/p>\n<div id=\"Nota-9\" class=\"entry-block ch-nota Nota-9\">\n<h3>ONG<\/h3>\n<\/div>\n<p>Em Portugal, por exemplo, o maior anunciante do Facebook no mesmo per\u00edodo \u00e9 a Anistia Internacional, que gastou cerca de 900 mil euros.<\/p>\n<\/div>\n<\/div>\n","protected":false},"excerpt":{"rendered":"<p>Escalaram para R$4,3 milh\u00f5es entre 20 de fevereiro e 20 de mar\u00e7o as despesas do governo Lula (PT) com an\u00fancios no Facebook. O valor representa aumento de 16% em rela\u00e7\u00e3o aos 30 dias anteriores. Nos \u00faltimos tr\u00eas meses, os gastos da administra\u00e7\u00e3o petista foram de quase R$10 milh\u00f5es. Em contrapartida, o PL, principal partido de [&hellip;]<\/p>\n","protected":false},"author":3,"featured_media":21063,"comment_status":"closed","ping_status":"closed","sticky":false,"template":"","format":"standard","meta":{"_links_to":"","_links_to_target":""},"categories":[1],"tags":[],"_links":{"self":[{"href":"https:\/\/www.correiodascidades.com.br\/v1\/wp-json\/wp\/v2\/posts\/21062"}],"collection":[{"href":"https:\/\/www.correiodascidades.com.br\/v1\/wp-json\/wp\/v2\/posts"}],"about":[{"href":"https:\/\/www.correiodascidades.com.br\/v1\/wp-json\/wp\/v2\/types\/post"}],"author":[{"embeddable":true,"href":"https:\/\/www.correiodascidades.com.br\/v1\/wp-json\/wp\/v2\/users\/3"}],"replies":[{"embeddable":true,"href":"https:\/\/www.correiodascidades.com.br\/v1\/wp-json\/wp\/v2\/comments?post=21062"}],"version-history":[{"count":1,"href":"https:\/\/www.correiodascidades.com.br\/v1\/wp-json\/wp\/v2\/posts\/21062\/revisions"}],"predecessor-version":[{"id":21064,"href":"https:\/\/www.correiodascidades.com.br\/v1\/wp-json\/wp\/v2\/posts\/21062\/revisions\/21064"}],"wp:featuredmedia":[{"embeddable":true,"href":"https:\/\/www.correiodascidades.com.br\/v1\/wp-json\/wp\/v2\/media\/21063"}],"wp:attachment":[{"href":"https:\/\/www.correiodascidades.com.br\/v1\/wp-json\/wp\/v2\/media?parent=21062"}],"wp:term":[{"taxonomy":"category","embeddable":true,"href":"https:\/\/www.correiodascidades.com.br\/v1\/wp-json\/wp\/v2\/categories?post=21062"},{"taxonomy":"post_tag","embeddable":true,"href":"https:\/\/www.correiodascidades.com.br\/v1\/wp-json\/wp\/v2\/tags?post=21062"}],"curies":[{"name":"wp","href":"https:\/\/api.w.org\/{rel}","templated":true}]}}