{"id":21065,"date":"2026-04-05T20:25:44","date_gmt":"2026-04-05T23:25:44","guid":{"rendered":"https:\/\/www.correiodascidades.com.br\/v1\/?p=21065"},"modified":"2026-04-05T20:25:44","modified_gmt":"2026-04-05T23:25:44","slug":"foragido-de-goias-integrante-de-faccao-paulista-e-capturado-em-onibus-na-cidade-de-jaguaquara","status":"publish","type":"post","link":"https:\/\/www.correiodascidades.com.br\/v1\/2026\/04\/05\/foragido-de-goias-integrante-de-faccao-paulista-e-capturado-em-onibus-na-cidade-de-jaguaquara\/","title":{"rendered":"Foragido de Goi\u00e1s, integrante de fac\u00e7\u00e3o paulista \u00e9 capturado em \u00f4nibus na cidade de Jaguaquara"},"content":{"rendered":"<div class=\"elementor-post__meta-data\"><span class=\"elementor-post-author\">Wilson Novaes\u00a0<\/span><span class=\"elementor-post-date\">\u00a0<\/span><\/div>\n<figure id=\"attachment_53211\" class=\"wp-caption aligncenter\" aria-describedby=\"caption-attachment-53211\"><img loading=\"lazy\" class=\"size-full wp-image-53211 lazyautosizes lazyloaded\" src=\"https:\/\/jequiereporter.com\/wp-content\/uploads\/2026\/04\/SSP.jpg\" sizes=\"640px\" srcset=\"https:\/\/jequiereporter.com\/wp-content\/uploads\/2026\/04\/SSP.jpg 650w, https:\/\/jequiereporter.com\/wp-content\/uploads\/2026\/04\/SSP-300x141.jpg 300w\" alt=\"\" width=\"650\" height=\"306\" data-src=\"https:\/\/jequiereporter.com\/wp-content\/uploads\/2026\/04\/SSP.jpg\" data-srcset=\"https:\/\/jequiereporter.com\/wp-content\/uploads\/2026\/04\/SSP.jpg 650w, https:\/\/jequiereporter.com\/wp-content\/uploads\/2026\/04\/SSP-300x141.jpg 300w\" data-sizes=\"auto\" data-eio-rwidth=\"650\" data-eio-rheight=\"306\" \/><figcaption id=\"caption-attachment-53211\" class=\"wp-caption-text\"><\/figcaption>Um traficante de drogas foragido do estado de Goi\u00e1s, integrante de uma fac\u00e7\u00e3o paulista, foi capturado na madrugada deste domingo (5), quando tentava buscar esconderijo em territ\u00f3rio baiano.<\/figure>\n<p>Equipes da For\u00e7a Integrada de Combate ao Crime Organizado (FICCO) Bahia e da Pol\u00edcia Militar abordaram um \u00f4nibus interestadual no terminal rodovi\u00e1rio de Jaguaquara e efetuaram a pris\u00e3o.<\/p>\n<p>O criminoso, que possu\u00eda mandado de pris\u00e3o, registrou um boletim de ocorr\u00eancia de perda de documentos e viajava com uma carteira de identidade falsa. <!--more--><\/p>\n<p>No estado de Goi\u00e1s, al\u00e9m do envolvimento com tr\u00e1ficos de drogas e armas, mortes violentas e lavagem de dinheiro, o foragido \u00e9 investigado tamb\u00e9m por participa\u00e7\u00e3o em uma rebeli\u00e3o no sistema prisional em 2022.<\/p>\n","protected":false},"excerpt":{"rendered":"<p>Wilson Novaes\u00a0\u00a0 Um traficante de drogas foragido do estado de Goi\u00e1s, integrante de uma fac\u00e7\u00e3o paulista, foi capturado na madrugada deste domingo (5), quando tentava buscar esconderijo em territ\u00f3rio baiano. Equipes da For\u00e7a Integrada de Combate ao Crime Organizado (FICCO) Bahia e da Pol\u00edcia Militar abordaram um \u00f4nibus interestadual no terminal rodovi\u00e1rio de Jaguaquara e [&hellip;]<\/p>\n","protected":false},"author":3,"featured_media":21066,"comment_status":"closed","ping_status":"closed","sticky":false,"template":"","format":"standard","meta":{"_links_to":"","_links_to_target":""},"categories":[1],"tags":[],"_links":{"self":[{"href":"https:\/\/www.correiodascidades.com.br\/v1\/wp-json\/wp\/v2\/posts\/21065"}],"collection":[{"href":"https:\/\/www.correiodascidades.com.br\/v1\/wp-json\/wp\/v2\/posts"}],"about":[{"href":"https:\/\/www.correiodascidades.com.br\/v1\/wp-json\/wp\/v2\/types\/post"}],"author":[{"embeddable":true,"href":"https:\/\/www.correiodascidades.com.br\/v1\/wp-json\/wp\/v2\/users\/3"}],"replies":[{"embeddable":true,"href":"https:\/\/www.correiodascidades.com.br\/v1\/wp-json\/wp\/v2\/comments?post=21065"}],"version-history":[{"count":1,"href":"https:\/\/www.correiodascidades.com.br\/v1\/wp-json\/wp\/v2\/posts\/21065\/revisions"}],"predecessor-version":[{"id":21067,"href":"https:\/\/www.correiodascidades.com.br\/v1\/wp-json\/wp\/v2\/posts\/21065\/revisions\/21067"}],"wp:featuredmedia":[{"embeddable":true,"href":"https:\/\/www.correiodascidades.com.br\/v1\/wp-json\/wp\/v2\/media\/21066"}],"wp:attachment":[{"href":"https:\/\/www.correiodascidades.com.br\/v1\/wp-json\/wp\/v2\/media?parent=21065"}],"wp:term":[{"taxonomy":"category","embeddable":true,"href":"https:\/\/www.correiodascidades.com.br\/v1\/wp-json\/wp\/v2\/categories?post=21065"},{"taxonomy":"post_tag","embeddable":true,"href":"https:\/\/www.correiodascidades.com.br\/v1\/wp-json\/wp\/v2\/tags?post=21065"}],"curies":[{"name":"wp","href":"https:\/\/api.w.org\/{rel}","templated":true}]}}